{"id":961,"date":"2015-04-03T02:01:10","date_gmt":"2015-04-03T02:01:10","guid":{"rendered":"http:\/\/ricardovicentelopez.com.ar\/?p=961"},"modified":"2015-04-03T02:01:53","modified_gmt":"2015-04-03T02:01:53","slug":"los-amos-del-planeta-i-el-foro-economico-de-davos","status":"publish","type":"post","link":"https:\/\/ricardovicentelopez.com.ar\/?p=961","title":{"rendered":"Los amos del planeta I \u2013 El Foro Econ\u00f3mico de Davos"},"content":{"rendered":"<p>Ricardo Vicente L\u00f3pez \u2013 18-2-15<\/p>\n<p><iframe loading=\"lazy\" src=\"http:\/\/www.ivoox.com\/player_ej_4300405_2_1.html?data=lZidkpmUeY6ZmKiak5aJd6KokZKSmaiRdo6ZmKiakpKJe6ShkZKSmaiRdJSfrs7fw9PIs4zZzZC619PIs46ZmKiatM7HpdPY0JDDkJCwaaSnhqeg0srecYarpJKh&amp;\" width=\"100%\" height=\"100\" frameborder=\"0\" scrolling=\"no\" allowfullscreen=\"allowfullscreen\"><\/iframe><\/p>\n<p style=\"text-align: justify;\">El periodista e investigador argentino, Eduardo Febbro, realiz\u00f3 en Par\u00eds una investigaci\u00f3n (Agosto del 2003) sobre los poderes internacionales que no aparecen en la superficie de la informaci\u00f3n p\u00fablica. Si bien los resultados son hoy un poco desactualizados, sus reflexiones mantienen su valor:<br \/>\n\u00bfQui\u00e9n gobierna el mundo? \u00bfLos l\u00edderes del grupo de los ocho pa\u00edses m\u00e1s desarrollados del planeta, el G8, que se re\u00fanen una vez por a\u00f1o en distintos lugares del planeta? \u00bfAcaso son los \u201ct\u00e9cnicos\u201d del Fondo Monetario Internacional y del Banco Mundial, o tal vez los 15 jefes de Estado y de gobierno de la Uni\u00f3n Europea? \u00bfQui\u00e9n y cu\u00e1ndo toma las decisiones? Las declaraciones finales que se publican al t\u00e9rmino de las cumbres entre poderosos son a menudo vac\u00edas, apenas un manojo de orientaciones vagas que no reflejan el curso del mundo. \u00bfD\u00f3nde se toman entonces las decisiones? \u00bfQui\u00e9n las elabora? Detr\u00e1s del tel\u00f3n de la pol\u00edtica-espect\u00e1culo existe una serie de cen\u00e1culos casi secretos donde, sin testigos indiscretos, casi sin periodistas y hasta a veces sin mujeres, se juega el aut\u00e9ntico destino del mundo.<br \/>\nSon, sencillamente, poderosas organizaciones secretas compuestas por magnates de las altas finanzas, estrategas, hombres pol\u00edticos de gran vuelo y militares cuya existencia confirman la afirmaci\u00f3n de Benjam\u00edn Disraeli (1804-1881), Ministro de Finanzas brit\u00e1nico de la Reina Victoria: \u00abEl mundo est\u00e1 gobernado por personajes que no pueden ni imaginar aquellos cuyos ojos no penetran entre los bastidores\u00bb.<\/p>\n<p style=\"text-align: justify;\">El Foro Econ\u00f3mico Mundial de Davos (Suiza) surgi\u00f3 a partir de una invitaci\u00f3n del profesor de econom\u00eda de Suiza Klaus Schwab (1938), economista y empresario alem\u00e1n. Reuni\u00f3 en 1971 a l\u00edderes de opini\u00f3n europeos para discutir c\u00f3mo innovar el mundo comercial dado que, seg\u00fan \u00e9l, se estaba perdiendo terreno ante la avanzada socialista. El Foro reci\u00e9n toma alguna relevancia a mediados de la d\u00e9cada de los 70, cuando ampl\u00edan las invitaciones a personajes extra-europeos. Comenz\u00f3, entonces, a reconocerse en el mundo con el simple nombre de Davos. Pero fue la participaci\u00f3n de los representantes del neoliberalismo en los ochenta: la Primera Ministra brit\u00e1nica, Margaret Thatcher y el Presidente estadounidense Ronald Reagan, que Davos pasa a ser un encuentro de primer orden.<br \/>\nDice Wikipedia:<br \/>\nEl Foro Econ\u00f3mico Mundial (World Economic Forum, WEF) o tambi\u00e9n llamando Foro de Davos es una fundaci\u00f3n sin fines de lucro con sede en Ginebra que re\u00fane anualmente en el Monte de Davos (Suiza), conocida por su asamblea anual en Davos, Suiza. All\u00ed se re\u00fanen los principales l\u00edderes empresariales, los l\u00edderes pol\u00edticos internacionales y periodistas e intelectuales selectos para analizar los problemas m\u00e1s apremiantes que enfrenta el mundo<br \/>\nSeg\u00fan su p\u00e1gina: www.dw.de\/davos,el la organizaci\u00f3n del Foro est\u00e1 financiado por 100 empresas miembros. La empresa miembro t\u00edpica es una empresa global con m\u00e1s de cinco mil millones de d\u00f3lares de facturaci\u00f3n. La asamblea anual re\u00fane a los Directores Ejecutivos de las 1000 empresas miembro del Foro, adem\u00e1s de pol\u00edticos selectos, representantes de academias, organizaciones no gubernamentales, l\u00edderes religiosos y los medios de comunicaci\u00f3n. La participaci\u00f3n en la Asamblea Anual es solamente por invitaci\u00f3n. Alrededor de 2200 participantes se re\u00fanen para el evento de cinco d\u00edas y asisten a aproximadamente 220 sesiones del programa oficial.<br \/>\nSus integrantes insisten en que su objetivo es \u00abmejorar el estado del mundo\u00bb, y a prueba que exhiben es la denuncia de su fundador, Klaus Schwab, que advirti\u00f3 al mundo que \u00abla globalizaci\u00f3n s\u00f3lo beneficia a unos pocos\u00bb. El objetivo de los encuentros no es \u00abtomar decisiones ni llegar a acuerdos\u00bb, sino fomentar el debate y, sobre todo, los contactos a nivel pol\u00edtico y empresarial en un marco que se ha calificado de \u00abmercado de ideas\u00bb. Ello ha posibilitado acuerdos para \u00abfusiones empresariales, lanzamiento de tendencias sociales o fomento del di\u00e1logo pol\u00edtico\u00bb.<br \/>\nDavos es una ciudad demasiado peque\u00f1a como para albergar al Foro Econ\u00f3mico Mundial, y tal vez, dicen (con cierta iron\u00eda) \u00abprecisamente all\u00ed reside su encanto\u00bb. \u00abDe all\u00ed no se sale as\u00ed no m\u00e1s\u00bb. En la \u00e9poca de reuniones, el viaje al aeropuerto de Z\u00farich demora dos horas debido, a las calles heladas y resbaladizas. La alternativa, el ferrocarril, no es mucho mejor. \u00bfPodr\u00eda decirse que funciona como una fortaleza?<br \/>\nEl responsable de la seguridad es la Polic\u00eda del Cant\u00f3n de Graub\u00fcnden, ha sido muy reticente para hablar del tema., dijo que \u201cEl equipo se compone de polic\u00edas de todo el territorio suizo\u201d. Sin embargo, los d\u00edas de reuni\u00f3n del Foro, la ciudad parece preparada para el ataque de un ej\u00e9rcito. Se dan cita all\u00ed la Seguridad de todas las potencias mundiales.<\/p>\n","protected":false},"excerpt":{"rendered":"<p>Ricardo Vicente L\u00f3pez \u2013 18-2-15 El periodista e investigador argentino, Eduardo Febbro, realiz\u00f3 en Par\u00eds una investigaci\u00f3n (Agosto del 2003) sobre los poderes internacionales que no aparecen en la superficie de la informaci\u00f3n p\u00fablica. Si bien los resultados son hoy un poco desactualizados, sus reflexiones mantienen su valor: \u00bfQui\u00e9n gobierna el mundo? \u00bfLos l\u00edderes del [&hellip;]<\/p>\n","protected":false},"author":1,"featured_media":0,"comment_status":"open","ping_status":"open","sticky":false,"template":"","format":"standard","meta":{"footnotes":""},"categories":[1],"tags":[],"class_list":["post-961","post","type-post","status-publish","format-standard","hentry","category-sin-categoria"],"_links":{"self":[{"href":"https:\/\/ricardovicentelopez.com.ar\/index.php?rest_route=\/wp\/v2\/posts\/961","targetHints":{"allow":["GET"]}}],"collection":[{"href":"https:\/\/ricardovicentelopez.com.ar\/index.php?rest_route=\/wp\/v2\/posts"}],"about":[{"href":"https:\/\/ricardovicentelopez.com.ar\/index.php?rest_route=\/wp\/v2\/types\/post"}],"author":[{"embeddable":true,"href":"https:\/\/ricardovicentelopez.com.ar\/index.php?rest_route=\/wp\/v2\/users\/1"}],"replies":[{"embeddable":true,"href":"https:\/\/ricardovicentelopez.com.ar\/index.php?rest_route=%2Fwp%2Fv2%2Fcomments&post=961"}],"version-history":[{"count":2,"href":"https:\/\/ricardovicentelopez.com.ar\/index.php?rest_route=\/wp\/v2\/posts\/961\/revisions"}],"predecessor-version":[{"id":963,"href":"https:\/\/ricardovicentelopez.com.ar\/index.php?rest_route=\/wp\/v2\/posts\/961\/revisions\/963"}],"wp:attachment":[{"href":"https:\/\/ricardovicentelopez.com.ar\/index.php?rest_route=%2Fwp%2Fv2%2Fmedia&parent=961"}],"wp:term":[{"taxonomy":"category","embeddable":true,"href":"https:\/\/ricardovicentelopez.com.ar\/index.php?rest_route=%2Fwp%2Fv2%2Fcategories&post=961"},{"taxonomy":"post_tag","embeddable":true,"href":"https:\/\/ricardovicentelopez.com.ar\/index.php?rest_route=%2Fwp%2Fv2%2Ftags&post=961"}],"curies":[{"name":"wp","href":"https:\/\/api.w.org\/{rel}","templated":true}]}}