{"id":86682,"date":"2025-08-06T11:44:15","date_gmt":"2025-08-06T11:44:15","guid":{"rendered":"https:\/\/ricardovicentelopez.com.ar\/?p=86682"},"modified":"2025-08-06T11:44:16","modified_gmt":"2025-08-06T11:44:16","slug":"acquafortes-de-yanquilandia-xiii","status":"publish","type":"post","link":"https:\/\/ricardovicentelopez.com.ar\/?p=86682","title":{"rendered":"Acquafortes de Yanquilandia XIII"},"content":{"rendered":"\n<p class=\"wp-block-paragraph\"><strong>Ricardo Vicente L\u00f3pez<\/strong><\/p>\n\n\n\n<figure class=\"wp-block-image size-full\"><a href=\"https:\/\/ricardovicentelopez.com.ar\/wp-content\/uploads\/2025\/08\/image-4.png\"><img loading=\"lazy\" decoding=\"async\" width=\"830\" height=\"457\" src=\"https:\/\/ricardovicentelopez.com.ar\/wp-content\/uploads\/2025\/08\/image-4.png\" alt=\"\" class=\"wp-image-86683\" srcset=\"https:\/\/ricardovicentelopez.com.ar\/wp-content\/uploads\/2025\/08\/image-4.png 830w, https:\/\/ricardovicentelopez.com.ar\/wp-content\/uploads\/2025\/08\/image-4-300x165.png 300w, https:\/\/ricardovicentelopez.com.ar\/wp-content\/uploads\/2025\/08\/image-4-768x423.png 768w\" sizes=\"auto, (max-width: 830px) 100vw, 830px\" \/><\/a><\/figure>\n\n\n\n<p class=\"has-medium-font-size wp-block-paragraph\"><strong><em>La manipulaci\u00f3n de la opini\u00f3n p\u00fablica<\/em><\/strong> <a href=\"https:\/\/kontrainfo.com\/acquafortes-de-yanquilandia-parte-xiii-a-por-ricardo-vicente-lopez\/#_ftn2\">[1]<\/a><\/p>\n\n\n\n<p class=\"wp-block-paragraph\">El tema de esta entrega presenta un t\u00edtulo que puede caer mal en el ciudadano de a pie. Por tal raz\u00f3n me voy a apoyar en las investigaciones del conocido Profesor Noam Chomsky <a href=\"https:\/\/kontrainfo.com\/acquafortes-de-yanquilandia-parte-xiii-a-por-ricardo-vicente-lopez\/#_ftn2\">[2]<\/a> (1928), fil\u00f3sofo y activista estadounidense, que public\u00f3 con este t\u00edtulo:\u00a0<em>El control de los medios de difusi\u00f3n,\u00a0<\/em>y un subt\u00edtulo impactante<em>\u00a0Los espectaculares logros de la propaganda<\/em>, Editorial\u00a0<em>Cr\u00edtica<\/em>\u00a0(2000) El curriculum acad\u00e9mico, sus aportes a la investigaci\u00f3n socio-pol\u00edtica lo hacen acreedor al reconocimiento p\u00fablico. Adem\u00e1s lo presento como un peque\u00f1o homenaje de mi parte a este docente, investigador, cr\u00edtico meticuloso,\u00a0<em>que se ha dedicado en estas \u00faltimas d\u00e9cadas a analizar el funcionamiento y el papel que cumplen los medios de informaci\u00f3n<\/em>.<\/p>\n\n\n\n<p class=\"wp-block-paragraph\">Las p\u00e1ginas siguientes son, nada m\u00e1s que, una especie de notas marginales, comentarios y citas de&nbsp;<em>un notable estudio hist\u00f3rico que ha desarrollado sobre los intentos exitosos del control de la conciencia colectiva de un pueblo con una historia poco conocida<\/em>. No debe entenderse esto como la historia pol\u00edtica o econ\u00f3mica del pa\u00eds de los Estados Unidos, sino que lo que ha hecho nuestro profesor es la respuesta a una pregunta sencilla, pero que requiere una mirada aguda y penetrante como la que \u00e9l demostr\u00f3 tener: \u00bfpor qu\u00e9 es tan sumiso y cr\u00e9dulo el p\u00fablico norteamericano? Tomo este punto de partida como centro de mis reflexiones.<\/p>\n\n\n\n<p class=\"wp-block-paragraph\">La historia que el autor nos relata, m\u00e1s el an\u00e1lisis meticuloso de ella, tiene una enorme importancia para el conocimiento del mundo global y, para nuestro caso Argentina y la Am\u00e9rica toda, acerca de c\u00f3mo se maneja la informaci\u00f3n internacional y la nacional. El resultado es un intento de convencer a los grandes p\u00fablicos de la existencia de una sola verdad, la que ellos trasmiten. Esa verdad, no es m\u00e1s que un relato dise\u00f1ado para servir al ocultamiento del saqueo y la depredaci\u00f3n del planeta y del empobrecimiento de m\u00e1s de las dos terceras partes de la poblaci\u00f3n mundial. Todo ello para el enriquecimiento de una peque\u00f1a minor\u00eda privilegiada.<\/p>\n\n\n\n<p class=\"wp-block-paragraph\"><\/p>\n\n\n\n<p class=\"has-medium-font-size wp-block-paragraph\">El poder necesita la oscuridad \u2013 Noam Chomsky \u2013 21\/11\/2020<\/p>\n\n\n\n<p class=\"wp-block-paragraph\">Un profesor de ciencias pol\u00edticas de la Universidad de Harvard, el prominente polit\u00f3logo liberal y asesor del gobierno Samuel Huntington, observ\u00f3 que \u00ab<em>los estrategas del poder en Estados Unidos deben crear una fuerza que pueda sentirse pero no verse.&nbsp;<strong>El poder se mantiene fuerte cuando permanece en la oscuridad.<\/strong>&nbsp;Cuando se le expone a la luz solar, comienza a disiparse<\/em>\u00bb.<\/p>\n\n\n\n<p class=\"wp-block-paragraph\">Huntington dio algunos ejemplos significativos de la verdadera naturaleza de la Guerra Fr\u00eda. Al hablar de la intervenci\u00f3n estadounidense militar en el exterior coment\u00f3 que \u00ab<em>a veces tiene que vender la intervenci\u00f3n o cualquier otra acci\u00f3n militar de modo parezca que estamos luchando contra la Uni\u00f3n Sovi\u00e9tica. Esto es lo que lleva haciendo Estados Unidos desde la Doctrina Truman<\/em>\u00bb y hay muchos ejemplos de este principio rector.<\/p>\n\n\n\n<p class=\"wp-block-paragraph\">Un destacado pensador que entendi\u00f3 y explic\u00f3 esta realidad fundamental fue David Hume, quien escribi\u00f3 sobre los Principios del Gobierno en una de las primeras obras modernas de teor\u00eda pol\u00edtica hace m\u00e1s de 250 a\u00f1os. La redacci\u00f3n que us\u00f3 fue tan clara que me limitar\u00e9 a citarle textualmente. Hume descubri\u00f3 que:<\/p>\n\n\n\n<blockquote class=\"wp-block-quote is-layout-flow wp-block-quote-is-layout-flow\">\n<p class=\"wp-block-paragraph\">\u00ab<strong>Nada sorprende m\u00e1s que ver la facilidad con que&nbsp;<\/strong><em><strong>la mayor\u00eda es gobernada por unos pocos<\/strong>&nbsp;y observar la sumisi\u00f3n impl\u00edcita con la que los hombres han entregado sus propios sentimientos y pasiones a la voluntad de sus gobernantes<\/em>.&nbsp;<em>Cuando nos preguntamos de qu\u00e9 manera pudo haber sucedido esta maravilla vemos que, estando la fuerza siempre del lado de los gobernados, los gobernantes no tienen nada que los apoye excepto la opini\u00f3n. Decir que un gobierno est\u00e1 justificado es, pues, s\u00f3lo una cuesti\u00f3n de opini\u00f3n y esta m\u00e1xima se extiende tanto a los gobiernos m\u00e1s desp\u00f3ticos y m\u00e1s militarizados como a los m\u00e1s liberales y populares<\/em>\u00bb.<\/p>\n<\/blockquote>\n\n\n\n<p class=\"wp-block-paragraph\">\u00c9sta es una de las razones por las que la enorme industria de las relaciones p\u00fablicas se ha convertido en la mayor agencia de propaganda en la historia de la humanidad, una influencia que ha crecido y alcanzado sus formas m\u00e1s sofisticadas en las sociedades m\u00e1s liberales, Estados Unidos y Gran Breta\u00f1a. Esta instituci\u00f3n naci\u00f3 hace aproximadamente un siglo, cuando las \u00e9lites se dieron cuenta de la libertad que se hab\u00eda conquistado hac\u00eda imposible controlar a la poblaci\u00f3n por la fuerza, y que por tanto era preciso controlar las actitudes y las opiniones.<\/p>\n\n\n\n<p class=\"wp-block-paragraph\">Las \u00e9lites intelectuales liberales tambi\u00e9n entendieron esto, por lo que insistieron \u2013echando mano de otras citas \u2013 en que debemos deshacernos del \u00ab<em>dogmatismo democr\u00e1tico seg\u00fan el cual las personas son los mejores jueces de sus propios intereses<\/em>\u00bb. No es as\u00ed. Son \u00ab<em>intrusos ignorantes y problem\u00e1ticos<\/em>\u00bb y, por tanto, hay que \u00ab<em>ponerlos en su lugar<\/em>\u00bb para no molestar a los \u00ab<em>hombres responsables<\/em>\u00bb que gobiernan por derecho propio.<\/p>\n\n\n\n<p class=\"wp-block-paragraph\"><a href=\"https:\/\/kontrainfo.com\/acquafortes-de-yanquilandia-parte-xiii-a-por-ricardo-vicente-lopez\/#_ftnref1\">[1]<\/a>&nbsp;Sugiero ver el documental de la BBC de Londres: El siglo del individualismo (2002)- es un documental brit\u00e1nico que muestra, con mucha claridad, c\u00f3mo las investigaciones de Sigmund Freud, Anna Freud y Edward Bernays han influido decididamente en las pol\u00edticas de las corporaciones.<\/p>\n\n\n\n<p class=\"wp-block-paragraph\"><a href=\"https:\/\/kontrainfo.com\/acquafortes-de-yanquilandia-parte-xiii-a-por-ricardo-vicente-lopez\/#_ftnref2\">[2]<\/a>&nbsp;Es profesor em\u00e9rito en el Instituto Tecnol\u00f3gico de Massachusetts (MIT) y una de las figuras m\u00e1s destacadas del siglo XX y XXI. A lo largo de su vida, ha ganado popularidad tambi\u00e9n por su activismo pol\u00edtico, caracterizado por una visi\u00f3n fuertemente cr\u00edtica de la sociedad capitalista.<\/p>\n","protected":false},"excerpt":{"rendered":"<p>Ricardo Vicente L\u00f3pez La manipulaci\u00f3n de la opini\u00f3n p\u00fablica [1] El tema de esta entrega presenta un t\u00edtulo que puede caer mal en el ciudadano de a pie. Por tal raz\u00f3n me voy a apoyar en las investigaciones del conocido Profesor Noam Chomsky [2] (1928), fil\u00f3sofo y activista estadounidense, que public\u00f3 con este t\u00edtulo:\u00a0El control [&hellip;]<\/p>\n","protected":false},"author":1,"featured_media":0,"comment_status":"open","ping_status":"open","sticky":false,"template":"","format":"standard","meta":{"footnotes":""},"categories":[1],"tags":[],"class_list":["post-86682","post","type-post","status-publish","format-standard","hentry","category-sin-categoria"],"_links":{"self":[{"href":"https:\/\/ricardovicentelopez.com.ar\/index.php?rest_route=\/wp\/v2\/posts\/86682","targetHints":{"allow":["GET"]}}],"collection":[{"href":"https:\/\/ricardovicentelopez.com.ar\/index.php?rest_route=\/wp\/v2\/posts"}],"about":[{"href":"https:\/\/ricardovicentelopez.com.ar\/index.php?rest_route=\/wp\/v2\/types\/post"}],"author":[{"embeddable":true,"href":"https:\/\/ricardovicentelopez.com.ar\/index.php?rest_route=\/wp\/v2\/users\/1"}],"replies":[{"embeddable":true,"href":"https:\/\/ricardovicentelopez.com.ar\/index.php?rest_route=%2Fwp%2Fv2%2Fcomments&post=86682"}],"version-history":[{"count":1,"href":"https:\/\/ricardovicentelopez.com.ar\/index.php?rest_route=\/wp\/v2\/posts\/86682\/revisions"}],"predecessor-version":[{"id":86684,"href":"https:\/\/ricardovicentelopez.com.ar\/index.php?rest_route=\/wp\/v2\/posts\/86682\/revisions\/86684"}],"wp:attachment":[{"href":"https:\/\/ricardovicentelopez.com.ar\/index.php?rest_route=%2Fwp%2Fv2%2Fmedia&parent=86682"}],"wp:term":[{"taxonomy":"category","embeddable":true,"href":"https:\/\/ricardovicentelopez.com.ar\/index.php?rest_route=%2Fwp%2Fv2%2Fcategories&post=86682"},{"taxonomy":"post_tag","embeddable":true,"href":"https:\/\/ricardovicentelopez.com.ar\/index.php?rest_route=%2Fwp%2Fv2%2Ftags&post=86682"}],"curies":[{"name":"wp","href":"https:\/\/api.w.org\/{rel}","templated":true}]}}