{"id":86618,"date":"2025-06-09T11:13:42","date_gmt":"2025-06-09T11:13:42","guid":{"rendered":"https:\/\/ricardovicentelopez.com.ar\/?p=86618"},"modified":"2025-06-09T12:58:34","modified_gmt":"2025-06-09T12:58:34","slug":"mateando-la-educacion-v-el-rol-transformador-del-educador","status":"publish","type":"post","link":"https:\/\/ricardovicentelopez.com.ar\/?p=86618","title":{"rendered":"MATEANDO LA EDUCACI\u00d3N V &#8211; LA PERSONA COMO CENTRO DE LOS ESTUDIOS SOBRE EL HOMBRE"},"content":{"rendered":"\n<figure class=\"wp-block-image size-full\"><a href=\"https:\/\/ricardovicentelopez.com.ar\/wp-content\/uploads\/2025\/06\/image.png\"><img loading=\"lazy\" decoding=\"async\" width=\"738\" height=\"446\" src=\"https:\/\/ricardovicentelopez.com.ar\/wp-content\/uploads\/2025\/06\/image.png\" alt=\"\" class=\"wp-image-86630\" srcset=\"https:\/\/ricardovicentelopez.com.ar\/wp-content\/uploads\/2025\/06\/image.png 738w, https:\/\/ricardovicentelopez.com.ar\/wp-content\/uploads\/2025\/06\/image-300x181.png 300w\" sizes=\"auto, (max-width: 738px) 100vw, 738px\" \/><\/a><\/figure>\n\n\n\n<p class=\"has-text-align-right has-medium-font-size wp-block-paragraph\"><strong>Ricardo Vicente L\u00f3pez<\/strong><\/p>\n\n\n\n<p class=\"wp-block-paragraph\"><\/p>\n\n\n\n<p class=\"wp-block-paragraph\">\u00abTransformar la realidad impone una transformaci\u00f3n de la persona que se lo propone; quien no se atreve a transformarse a s\u00ed mismo, no puede transformar nada\u00bb.<\/p>\n\n\n\n<p class=\"wp-block-paragraph\">A lo largo de estos \u00faltimos a\u00f1os he abordado en mi p\u00e1gina web [<a href=\"#_ftn1\" id=\"_ftnref1\">[1]<\/a>] una problem\u00e1tica muy variada, pero que tuvo siempre, de diversos modos, a la <em>persona humana<\/em> [<a href=\"#_ftn2\" id=\"_ftnref2\">[2]<\/a>] como centro de mis investigaciones. Esta vocaci\u00f3n me ha llevado a transitar una variedad de caminos y temas que fui sintetizando, desde distintos enfoques, en dicha p\u00e1gina. Para concentrarnos en un concepto que apunta a lo m\u00e1s profundo del tema dir\u00e9:<\/p>\n\n\n\n<p class=\"wp-block-paragraph\">\u00abLa <em>persona humana<\/em>, en su car\u00e1cter de ser <em>\u00fanica<\/em> &nbsp;e <em>irrepetible<\/em>, tiene una naturaleza <em>corp\u00f3reo-espiritual<\/em>: est\u00e1 dotada de una raz\u00f3n abierta al conocimiento y al reconocimiento de <em>su propia dignidad<\/em> por lo cual est\u00e1 atenta, en sentido pleno, a los valores que debe realizar y a las normas que debe respetar para obtenerlos (inscrito todo ello en su misma naturaleza)\u00bb.<\/p>\n\n\n\n<p class=\"wp-block-paragraph\">El vocablo persona, entre tantos otros, expresa mejor la profundidad de su ser y en un aspecto que se presenta como controversial: encierra un misterio constitutivo: <em>su &nbsp;condici\u00f3n de \u00fanica e irrepetible<\/em>, no explicada, despu\u00e9s de cinco siglos de presencia de las varias ciencias, dado que s\u00f3lo lo describen [<a href=\"#_ftn3\" id=\"_ftnref3\">[3]<\/a>]. Podr\u00eda ser expresado hist\u00f3ricamente como la consecuencia del paso avasallador de la <em>burgues\u00eda comercial<\/em> hacia una <em>mundializaci\u00f3n del capitalismo<\/em>; ello gener\u00f3 la necesidad de conocer la conducta del <em>hombre-masa<\/em>, para su mejor gobierno de la sociedad moderna. \u00c9sta quebrant\u00f3 el orden social como efecto de la divisi\u00f3n en clases enfrentadas por la desigual distribuci\u00f3n de la riqueza producida. Todo ello necesit\u00f3 un manejo controlador m\u00e1s preciso y especializado para la adaptaci\u00f3n y articulaci\u00f3n de las especialidades del trabajo moderno.<\/p>\n\n\n\n<p class=\"wp-block-paragraph\">Fue evidente que quedaba un campo muy grande y profundo, no estudiado: la <em>conciencia humana<\/em>. Esta soportaba con mucha incomodidad y quejas profundas el avasallamiento del avance del sistema de producci\u00f3n capitalista [<a href=\"#_ftn4\" id=\"_ftnref4\">[4]<\/a>].&nbsp; A fines del siglo XIX, la genialidad del Doctor Sigmund Freud [<a href=\"#_ftn5\" id=\"_ftnref5\">[5]<\/a>] (1856-1939), desarroll\u00f3 sus investigaciones sobre el funcionamiento de la conciencia y las posibilidades de curaci\u00f3n de sus anomal\u00edas, parte de ellas producidas por una sociedad injusta. Tambi\u00e9n desarroll\u00f3 una teor\u00eda sobre el origen de las enfermedades de la conciencia y sus posibles abordajes. M\u00e1s all\u00e1 de sus desmadres te\u00f3ricos, abri\u00f3 un campo de estudio. Por sus tesis padeci\u00f3 de muchos impedimentos e incomprensiones. <em>Una ciencia sobre lo humano concebida por fuera de los c\u00e1nones del positivismo no era aceptable<\/em>.<\/p>\n\n\n\n<p class=\"wp-block-paragraph\">Hasta entonces el alma era un objeto de estudios y reflexiones para fil\u00f3sofos y te\u00f3logos, no muy bien vistos por los cient\u00edficos. El iluminismo y la ilustraci\u00f3n menospreciaron y hasta ignoraron, los estudios sobre la conciencia humana, por fuera del romanticismo.<\/p>\n\n\n\n<p class=\"wp-block-paragraph\">\u00abSe denomina iluminismo al movimiento cultural, pol\u00edtico, jur\u00eddico que se desarroll\u00f3 en Europa durante el siglo XVIII. Tuvo su filiaci\u00f3n doctrinal en el renacimiento, en el humanismo, y en las corrientes racionalistas y empiristas del siglo XVII\u00bb.<\/p>\n\n\n\n<p class=\"wp-block-paragraph\">Los tiempos no eran los mejores para prestar atenci\u00f3n a esas investigaciones, cuyas consecuencias pon\u00edan a la sociedad moderna en el banquillo de los acusados. Adem\u00e1s loa duros resultados sociales de la Revoluci\u00f3n industrial desconocidos por los manuales de econom\u00eda fueron pintados la literatura inglesa del siglo XIX, particularmente durante la Revoluci\u00f3n Industrial, que se caracteriz\u00f3 por reflejar la miseria y las condiciones de vida de la clase trabajadora. Autores como Charles Dickens, Elizabeth Gaskell y los Hermanos Bront\u00eb abordaron temas sociales, como la pobreza, la desigualdad y el impacto de la industrializaci\u00f3n en la vida cotidiana.<\/p>\n\n\n\n<p class=\"wp-block-paragraph\"><em>La verdad y la persona que la propone<\/em><\/p>\n\n\n\n<p class=\"wp-block-paragraph\">El Doctor Jaume Patuel i Puig \u2013Pedagogo y Psic\u00f3logo y Psicoanalista, de la <em>Fundaci\u00f3n Cardenal Vidal y Barraquer<\/em> de Barcelona, de la <em>Asociaci\u00f3n Catalana de Psic\u00f3logos de Barcelona<\/em> y de la <em>Fundaci\u00f3n Europea de Psicoanalistas<\/em>. Propone esta reflexi\u00f3n:<\/p>\n\n\n\n<p class=\"wp-block-paragraph\">\u00abEl juego de palabras en uso nos hace reflexionar dada la dificultad que presenta la profundidad e interioridad del ser humano. Efectivamente, el <em>hombre de la verdad<\/em> es <em>el hombre que siente y vive la verdad<\/em>. El problema se encuentra en el vocablo <em>verdad<\/em>. Para diferenciar el contenido, dir\u00eda que una es en min\u00fascula, la verdad que cada hombre se hace, se cree, se imagina: <em>el hombre de la verdad<\/em>. En el fondo, esta verdad para que tenga peso, <em>va a depender de qu\u00e9 hombre la manifiesta, la expresa. El testimonio va a ser esencial.<\/em><\/p>\n\n\n\n<p class=\"wp-block-paragraph\">La <em>otra Verdad<\/em>, en may\u00fascula, es <em>aquella Verdad que cada persona tiene, y que posee en su profundidad interior<\/em>. Podr\u00edamos indicarlo con el t\u00e9rmino <em>esencia<\/em>: <em>la Verdad que es v\u00e1lida para todos. La Verdad del hombre, es lo que lo constituye. Es una Verdad vivida, vivenciada<\/em>. Ahora bien, la persona que conjuga ambas verdades, es el Maestro, el que <em>no impone sino que expone<\/em>.<em> No dirige sino que indica. No habla ni escribe sino que vive y hace. Hay toda una coherencia en \u00e9l. Todos tienen en su interior este Maestro, s\u00f3lo es preciso despertarlo<\/em>\u00bb<\/p>\n\n\n\n<p class=\"wp-block-paragraph\"><em>En este siglo XXI es muy posible tener en cuenta la existencia de estos grandes Maestros, <\/em>pero sin ignorar, al mismo tiempo<em>, que cada \u00e9poca tiene sus propios Maestros<\/em>. Es muy dif\u00edcil detectarlos porque <em>son nuestros coet\u00e1neos, coincidimos en el tiempo y en el espacio<\/em>. El tiempo permite tomar distancia y constatar quienes han sido esos <em>Grandes Maestros<\/em>. Pero tenemos muchas resistencias interiores para aceptar que alguien, otro ser humano, nos pueda indicar la <em>Verdad del hombre<\/em>, esto se detecta, fundamentalmente, a partir de <em>la instauraci\u00f3n de la persona-individuo de la Modernidad<\/em>.<\/p>\n\n\n\n<hr class=\"wp-block-separator has-alpha-channel-opacity\"\/>\n\n\n\n<p class=\"wp-block-paragraph\"><a href=\"#_ftnref1\" id=\"_ftn1\">[1]<\/a> wwwricardovicentelopez.com.ar.<\/p>\n\n\n\n<p class=\"wp-block-paragraph\"><a href=\"#_ftnref2\" id=\"_ftn2\">[2]<\/a> Si bien la expresi\u00f3n persona-humana contiene una redundancia, dado que no hay <em>persona<\/em> por fuera de lo <em>humano<\/em>, y no hay <em>humano<\/em> que no sea <em>persona. <\/em>Sin embargo, el uso del derecho habla de <em>persona jur\u00eddica<\/em>. Creo que en un sentido m\u00e1s estricto la expresi\u00f3n es correcta, aunque no niega la redundancia.<\/p>\n\n\n\n<p class=\"wp-block-paragraph\"><a href=\"#_ftnref3\" id=\"_ftn3\">[3]<\/a> Este tema lo abord\u00e9 en el encuentro III, sin embargo volver\u00e9 sobre \u00e9l con otras reflexiones sobre el tema.<\/p>\n\n\n\n<p class=\"wp-block-paragraph\"><a href=\"#_ftnref4\" id=\"_ftn4\">[4]<\/a> Un estudio m\u00e1s detallado se puede encontrar en mi trabajo <em>El capitalismo en crisis<\/em> \u2013Parte I &#8211; en mi p\u00e1gina web.<\/p>\n\n\n\n<p class=\"wp-block-paragraph\"><a href=\"#_ftnref5\" id=\"_ftn5\">[5]<\/a> Fue un neur\u00f3logo y psic\u00f3logo austr\u00edaco, fundador del psicoan\u00e1lisis, una teor\u00eda sobre el funcionamiento de la mente y un m\u00e9todo para tratar las consecuencias nuevas. Sus ideas sobre el inconsciente, la sexualidad infantil, los sue\u00f1os y el complejo de Edipo revolucionaron la psicolog\u00eda y la cultura popular.<\/p>\n\n\n\n<figure class=\"wp-block-embed is-type-video is-provider-youtube wp-block-embed-youtube wp-embed-aspect-16-9 wp-has-aspect-ratio\"><div class=\"wp-block-embed__wrapper\">\n<iframe loading=\"lazy\" title=\"Mateando la Educaci\u00f3n   5to Encuentro\" width=\"550\" height=\"309\" src=\"https:\/\/www.youtube.com\/embed\/p6c_lKMo_NA?feature=oembed\" frameborder=\"0\" allow=\"accelerometer; autoplay; clipboard-write; encrypted-media; gyroscope; picture-in-picture; web-share\" referrerpolicy=\"strict-origin-when-cross-origin\" allowfullscreen><\/iframe>\n<\/div><\/figure>\n\n\n\n<p class=\"wp-block-paragraph\"><\/p>\n","protected":false},"excerpt":{"rendered":"<p>Ricardo Vicente L\u00f3pez \u00abTransformar la realidad impone una transformaci\u00f3n de la persona que se lo propone; quien no se atreve a transformarse a s\u00ed mismo, no puede transformar nada\u00bb. A lo largo de estos \u00faltimos a\u00f1os he abordado en mi p\u00e1gina web [[1]] una problem\u00e1tica muy variada, pero que tuvo siempre, de diversos modos, a [&hellip;]<\/p>\n","protected":false},"author":1,"featured_media":0,"comment_status":"open","ping_status":"open","sticky":false,"template":"","format":"standard","meta":{"footnotes":""},"categories":[1],"tags":[],"class_list":["post-86618","post","type-post","status-publish","format-standard","hentry","category-sin-categoria"],"_links":{"self":[{"href":"https:\/\/ricardovicentelopez.com.ar\/index.php?rest_route=\/wp\/v2\/posts\/86618","targetHints":{"allow":["GET"]}}],"collection":[{"href":"https:\/\/ricardovicentelopez.com.ar\/index.php?rest_route=\/wp\/v2\/posts"}],"about":[{"href":"https:\/\/ricardovicentelopez.com.ar\/index.php?rest_route=\/wp\/v2\/types\/post"}],"author":[{"embeddable":true,"href":"https:\/\/ricardovicentelopez.com.ar\/index.php?rest_route=\/wp\/v2\/users\/1"}],"replies":[{"embeddable":true,"href":"https:\/\/ricardovicentelopez.com.ar\/index.php?rest_route=%2Fwp%2Fv2%2Fcomments&post=86618"}],"version-history":[{"count":3,"href":"https:\/\/ricardovicentelopez.com.ar\/index.php?rest_route=\/wp\/v2\/posts\/86618\/revisions"}],"predecessor-version":[{"id":86638,"href":"https:\/\/ricardovicentelopez.com.ar\/index.php?rest_route=\/wp\/v2\/posts\/86618\/revisions\/86638"}],"wp:attachment":[{"href":"https:\/\/ricardovicentelopez.com.ar\/index.php?rest_route=%2Fwp%2Fv2%2Fmedia&parent=86618"}],"wp:term":[{"taxonomy":"category","embeddable":true,"href":"https:\/\/ricardovicentelopez.com.ar\/index.php?rest_route=%2Fwp%2Fv2%2Fcategories&post=86618"},{"taxonomy":"post_tag","embeddable":true,"href":"https:\/\/ricardovicentelopez.com.ar\/index.php?rest_route=%2Fwp%2Fv2%2Ftags&post=86618"}],"curies":[{"name":"wp","href":"https:\/\/api.w.org\/{rel}","templated":true}]}}