{"id":86610,"date":"2025-05-20T13:32:30","date_gmt":"2025-05-20T13:32:30","guid":{"rendered":"https:\/\/ricardovicentelopez.com.ar\/?p=86610"},"modified":"2025-05-22T17:57:41","modified_gmt":"2025-05-22T17:57:41","slug":"mateando-la-educacion-iv","status":"publish","type":"post","link":"https:\/\/ricardovicentelopez.com.ar\/?p=86610","title":{"rendered":"MATEANDO LA EDUCACI\u00d3N IV &#8211; El misterio de lo humano"},"content":{"rendered":"\n<figure class=\"wp-block-image size-full\"><a href=\"https:\/\/ricardovicentelopez.com.ar\/wp-content\/uploads\/2025\/05\/image-1.png\"><img loading=\"lazy\" decoding=\"async\" width=\"791\" height=\"446\" src=\"https:\/\/ricardovicentelopez.com.ar\/wp-content\/uploads\/2025\/05\/image-1.png\" alt=\"\" class=\"wp-image-86611\" srcset=\"https:\/\/ricardovicentelopez.com.ar\/wp-content\/uploads\/2025\/05\/image-1.png 791w, https:\/\/ricardovicentelopez.com.ar\/wp-content\/uploads\/2025\/05\/image-1-300x169.png 300w, https:\/\/ricardovicentelopez.com.ar\/wp-content\/uploads\/2025\/05\/image-1-768x433.png 768w\" sizes=\"auto, (max-width: 791px) 100vw, 791px\" \/><\/a><\/figure>\n\n\n\n<p class=\"has-medium-font-size wp-block-paragraph\"><strong>Ricardo Vicente L\u00f3pez<\/strong><\/p>\n\n\n\n<p class=\"wp-block-paragraph\">\u201cQu\u00e9 es el ser humano en la naturaleza? Una nada frente al infinito y un todo frente a la nada, un medio entre la nada y el todo, pero incapaz de ver la nada de donde viene y el infinito hacia d\u00f3nde va\u201d.<\/p>\n\n\n\n<p class=\"wp-block-paragraph\">Pens\u00e9es &nbsp;7 &#8211; .Blaise Pascal (1622-1662).<\/p>\n\n\n\n<p class=\"wp-block-paragraph\">Creo que, como paso siguiente necesario, debe establecerse una base de an\u00e1lisis compartida para acordar un primer diagn\u00f3stico estructural que, aunque sea aproximativo, recomponga un punto de apoyo com\u00fan respecto del cuadro sociopol\u00edtico al que pertenecemos. Este puede ser enunciado con una frase bastante repetida pero poco comprendida en toda su magnitud: \u00ab<em>No estamos en una \u00e9poca de cambios, sino ante un cambio de \u00e9poca<\/em>\u00bb. Si nos detenemos a meditar la idea con que nos enfrentamos debemos saber que lo que est\u00e1 en juego no es s\u00f3lo el sistema educativo. Lo que debe ser pensado es la <em>cultura occidental moderna<\/em> [<a href=\"#_ftn1\" id=\"_ftnref1\">[1]<\/a>], que ya ha comenzado a demostrar signos evidentes de agotamiento.<\/p>\n\n\n\n<p class=\"wp-block-paragraph\">Lo que estoy proponiendo es una tarea intelectual de an\u00e1lisis cr\u00edtico sobre la sociedad occidental moderna, como ya dije, tarea que nos deber\u00e1 sumir, dentro de &nbsp;&nbsp;nuestras limitaciones, en una larga investigaci\u00f3n, reflexi\u00f3n, que recupere los valores centrales del humanismo; estos constituyen un instrumento de valoraci\u00f3n de todo lo existente, tema muy importante, para el proyecto de una <em>sociedad humana deseada y posible<\/em>. Colocada esta plataforma de an\u00e1lisis, sobre ella podemos comenzar nuestra tarea cr\u00edtica.<\/p>\n\n\n\n<p class=\"wp-block-paragraph\">La mirada sobre el conjunto nos posibilita percibir que el sistema educativo padece esa crisis acompa\u00f1ando al conjunto de las instituciones que integran nuestro modelo cultural \u2013 utilizo el concepto cultura como una referencia a la totalidad de un sistema de ideas y valores que ha nacido hace unos cinco siglos, heredero de una larga tradici\u00f3n milenaria y que se la ha denominado <em>Modernidad<\/em>\u2212.<\/p>\n\n\n\n<p class=\"wp-block-paragraph\">Ello nos impone someterla a una revisi\u00f3n minuciosa para analizar cada una de las partes componentes, sus relaciones internas y el estado de los valores que la sostiene. A partir de all\u00ed se abrir\u00e1 <em>una etapa de reconstrucci\u00f3n tomando decisiones sobre lo rescatable y lo descartable<\/em>. Toda esta tarea est\u00e1 justificada por la seriedad y profundidad que exige el tema de la <em>Educaci\u00f3n de la Persona<\/em>.<\/p>\n\n\n\n<p class=\"wp-block-paragraph\">Todo ello debe ser intentado a partir de una actitud humilde y sincera acerca de nuestras limitaciones como personas y como comunidad para no desviarnos en proyectos quim\u00e9ricos o trasladados de los pa\u00edses centrales. Tener, para ello, bien puestos los pies en el terreno que hoy pisamos, la realidad sudamericana con el acento puesto en nuestra Argentina. No olvidar qui\u00e9nes somos, d\u00f3nde habitamos, ser\u00e1 una ayuda imprescindible para no traicionar ni traicionarnos. Lo imperioso del reclamo debe ser respondido sabiendo que esta tarea no es de f\u00e1cil y ni de r\u00e1pida soluci\u00f3n.<\/p>\n\n\n\n<p class=\"wp-block-paragraph\">Esos proyectos no deben ser circunscriptos a <em>temas puntuales, parciales, t\u00e9cnicos, metodol\u00f3gicos, econ\u00f3micos<\/em>, etc., no porque haya que dejarlos de lado sino porque se su riqueza conceptual impone un an\u00e1lisis cr\u00edtico m\u00e1s profundo e integrador: un diagn\u00f3stico sociopol\u00edtico y <em>un proyecto de hombre-persona<\/em> <em>frente a la masificaci\u00f3n que<\/em> <em>impone la sociedad moderna<\/em>. Una sociedad que concentre sus esfuerzos en dibujar un <em>horizonte deseable y posible<\/em> que contenga <em>qu\u00e9 queremos ser y qu\u00e9 queremos llegar a ser como comunidad nacional<\/em>.<\/p>\n\n\n\n<p class=\"wp-block-paragraph\"><em>Ello es posible de asumir s\u00f3lo a partir del compromiso personal y colectivo respecto de ese nivel de exigencias<\/em>. Entonces, la necesidad y la obligaci\u00f3n de encontrar una salida adecuada a la situaci\u00f3n imperante nos reclamar\u00e1 aproximarnos al mejor diagn\u00f3stico posible: <em>el buceo en las causas m\u00e1s profundas que nos han llevado a esta conformaci\u00f3n socio-cultural-econ\u00f3mica es condici\u00f3n necesaria para el comienzo de esa tarea<\/em>.<\/p>\n\n\n\n<p class=\"wp-block-paragraph\">Propongo ahora la lectura de una nota interesante, como comienzo de nuestro camino hacia un an\u00e1lisis m\u00e1s exhaustivo y detallado del concepto <em>Educaci\u00f3n<\/em>, comentarios y reflexiones posibles. Para ello analizar\u00e9 un texto desafiante poni\u00e9ndolo como disparador.<\/p>\n\n\n\n<p class=\"wp-block-paragraph\">Es una nota que public\u00f3, hace varios a\u00f1os, el periodista y profesor Mariano Molina, egresado de la <em>Universidad Nacional de La Plata<\/em>; y Docente de esa prestigiosa casa de estudios. Guard\u00e9 la nota, como a tantas otras, sabiendo que siempre aparece un tiempo en que los problemas socio-pol\u00edticos se replantean pero, por regla general, no desaparecen, salvo en las grandes revoluciones de la Historia. Por esta raz\u00f3n guardo en mis archivos lo que me parece importante y que puede iluminar nuestro pensamiento. Me reencontr\u00e9 con esta nota, buscando temas y problemas que se van escurriendo de mi memoria.<\/p>\n\n\n\n<p class=\"wp-block-paragraph\"><em>Planteo y an\u00e1lisis de la pregunta<\/em><\/p>\n\n\n\n<p class=\"wp-block-paragraph\">Me parece muy interesante para nuestro tema, en primer lugar, por su t\u00edtulo tan provocador \u201c\u00bfA qui\u00e9n le interesa la educaci\u00f3n?\u201d, que nos obliga a pensar en los t\u00e9rminos que nos impone la pregunta, encontrar y volver a leer la nota me volvi\u00f3 a desafiar por lo ingenioso de su an\u00e1lisis; porque creo que nos obliga a pensar al plantear:<\/p>\n\n\n\n<p class=\"wp-block-paragraph\">a.- \u00bfpor qu\u00e9 nos interpela y por qu\u00e9 nos sentimos convocados al debate?<\/p>\n\n\n\n<p class=\"wp-block-paragraph\">b.- El autor debe tener \u201csus razones\u201d para hacerlo, pero ello no nos limita para incorporar, con la libertad que seamos capaces de permitirnos, preguntas nuestras que se nos puede presentar.<\/p>\n\n\n\n<p class=\"wp-block-paragraph\">Para ello debemos recordar que siempre hay limitaciones muy variadas en un amplio abanico: personales por qui\u00e9nes somos: sociales, culturales, pol\u00edticas, ideol\u00f3gicas, econ\u00f3micas, etc., de las cuales podemos ser conscientes de ello y detectarlas, y otras que operan sobre nuestra conciencia sin poder saberlo.<\/p>\n\n\n\n<p class=\"wp-block-paragraph\">Nuestro crecimiento, nuestra formaci\u00f3n y nuestra experiencia, en la medida en que vamos creciendo funciona como una levadura que al fermentar va modificando nuestra ecuaci\u00f3n personal.&nbsp;<\/p>\n\n\n\n<p class=\"wp-block-paragraph\">A todo ello se le va incorporando, en la medida en que el tiempo vital lleva a nuestra conciencia datos, conocimientos, experiencias que nos van, necesariamente, enriqueciendo. Las experiencias seg\u00fan el grado de compromiso familiar y social, las que hayamos ido incorporando en nuestra pr\u00e1ctica social, pol\u00edtica (no necesariamente partidaria, pero no la excluye). Esas experiencias de vida van madurando nuestro entendimiento: recortando&nbsp; y, al mismo tiempo incorporando, densidad y profundidad de nuestra capacidad reflexiva.<\/p>\n\n\n\n<p class=\"wp-block-paragraph\"><em>La batalla entre las ideas enriquece nuestro conocimiento<\/em><\/p>\n\n\n\n<p class=\"wp-block-paragraph\">La pr\u00e1ctica social del an\u00e1lisis y el debate del acontecer cotidiano, a\u00fan en nuestra intimidad intelectual, abre la posibilidad de reflexionar en nuestro espacio socio-cultural con todos aquellos que acepten este convite; nos sumerge en un mar de ideas que chocan entre s\u00ed, como las olas en el mar y, al volver, propone s\u00edntesis para que nuestra conciencia delibere consigo misma. Volvernos hacia nuestra intimidad, es un ejercicio sano para revisar y reconstruir un nuevo entramado ideol\u00f3gico personal: todo ello, sin que seamos totalmente consciente de esos procesos (que podr\u00edamos definir como maduraci\u00f3n personal), puede ir desarrollando, haciendo m\u00e1s denso y profundo nuestro pensamiento y nuestra capacidad de an\u00e1lisis y reflexi\u00f3n.<\/p>\n\n\n\n<p class=\"wp-block-paragraph\">Aqu\u00ed aparece la importancia y necesidad del di\u00e1logo entre las personas como ejercicio intelectual para la conformaci\u00f3n de ciudadanos reflexivos, respetuosos de la palabra del otro (\u201csea este quien sea\u201d), sobre todo, en tiempos como el que estamos atravesando en nuestra Argentina en el cual se pretende imponer la prepotencia del grito por sobre el tranquilo y bien fundamentado argumento. Para ello la palabra pensada, bien fundada, puede abrir un sendero constructor para ir proponiendo las bases de una sociedad m\u00e1s igualitaria.<\/p>\n\n\n\n<p class=\"wp-block-paragraph\">Se me dir\u00e1 que puede sonar muy bonito, pero irreal, en este clima de brutalidades y vociferaciones\u2026 Yo respondo que ninguna sociedad perdurable se ha construido de ese modo, y que la violencia pudo haberse adue\u00f1ado del poder\u2026 si, pero la mayor parte de ellos no perduraron.&nbsp;<\/p>\n\n\n\n<hr class=\"wp-block-separator has-alpha-channel-opacity\"\/>\n\n\n\n<p class=\"wp-block-paragraph\"><a href=\"#_ftnref1\" id=\"_ftn1\">[1]<\/a> Para m\u00e1s informaci\u00f3n ver en la p\u00e1gina www.ricardovicentelopez.com.ar mi trabajo <em>El marco cultural del pensamiento pol\u00edtico moderno.<\/em><\/p>\n\n\n\n<figure class=\"wp-block-embed is-type-video is-provider-youtube wp-block-embed-youtube wp-embed-aspect-16-9 wp-has-aspect-ratio\"><div class=\"wp-block-embed__wrapper\">\n<iframe loading=\"lazy\" title=\"Mateando la Educaci\u00f3n  - 4to Encuentro\" width=\"550\" height=\"309\" src=\"https:\/\/www.youtube.com\/embed\/TFal1Y_OdQ4?feature=oembed\" frameborder=\"0\" allow=\"accelerometer; autoplay; clipboard-write; encrypted-media; gyroscope; picture-in-picture; web-share\" referrerpolicy=\"strict-origin-when-cross-origin\" allowfullscreen><\/iframe>\n<\/div><\/figure>\n","protected":false},"excerpt":{"rendered":"<p>Ricardo Vicente L\u00f3pez \u201cQu\u00e9 es el ser humano en la naturaleza? Una nada frente al infinito y un todo frente a la nada, un medio entre la nada y el todo, pero incapaz de ver la nada de donde viene y el infinito hacia d\u00f3nde va\u201d. Pens\u00e9es &nbsp;7 &#8211; .Blaise Pascal (1622-1662). Creo que, como [&hellip;]<\/p>\n","protected":false},"author":1,"featured_media":0,"comment_status":"open","ping_status":"open","sticky":false,"template":"","format":"standard","meta":{"footnotes":""},"categories":[1],"tags":[],"class_list":["post-86610","post","type-post","status-publish","format-standard","hentry","category-sin-categoria"],"_links":{"self":[{"href":"https:\/\/ricardovicentelopez.com.ar\/index.php?rest_route=\/wp\/v2\/posts\/86610","targetHints":{"allow":["GET"]}}],"collection":[{"href":"https:\/\/ricardovicentelopez.com.ar\/index.php?rest_route=\/wp\/v2\/posts"}],"about":[{"href":"https:\/\/ricardovicentelopez.com.ar\/index.php?rest_route=\/wp\/v2\/types\/post"}],"author":[{"embeddable":true,"href":"https:\/\/ricardovicentelopez.com.ar\/index.php?rest_route=\/wp\/v2\/users\/1"}],"replies":[{"embeddable":true,"href":"https:\/\/ricardovicentelopez.com.ar\/index.php?rest_route=%2Fwp%2Fv2%2Fcomments&post=86610"}],"version-history":[{"count":2,"href":"https:\/\/ricardovicentelopez.com.ar\/index.php?rest_route=\/wp\/v2\/posts\/86610\/revisions"}],"predecessor-version":[{"id":86616,"href":"https:\/\/ricardovicentelopez.com.ar\/index.php?rest_route=\/wp\/v2\/posts\/86610\/revisions\/86616"}],"wp:attachment":[{"href":"https:\/\/ricardovicentelopez.com.ar\/index.php?rest_route=%2Fwp%2Fv2%2Fmedia&parent=86610"}],"wp:term":[{"taxonomy":"category","embeddable":true,"href":"https:\/\/ricardovicentelopez.com.ar\/index.php?rest_route=%2Fwp%2Fv2%2Fcategories&post=86610"},{"taxonomy":"post_tag","embeddable":true,"href":"https:\/\/ricardovicentelopez.com.ar\/index.php?rest_route=%2Fwp%2Fv2%2Ftags&post=86610"}],"curies":[{"name":"wp","href":"https:\/\/api.w.org\/{rel}","templated":true}]}}