{"id":86589,"date":"2025-04-14T11:38:06","date_gmt":"2025-04-14T11:38:06","guid":{"rendered":"https:\/\/ricardovicentelopez.com.ar\/?p=86589"},"modified":"2025-05-20T12:43:59","modified_gmt":"2025-05-20T12:43:59","slug":"mateando-la-educacion-ii-asomandonos-al-panorama-general-del-tema","status":"publish","type":"post","link":"https:\/\/ricardovicentelopez.com.ar\/?p=86589","title":{"rendered":"Mateando la educaci\u00f3n II \u2013 Asom\u00e1ndonos al panorama general del tema"},"content":{"rendered":"\n<p class=\"has-text-align-right has-medium-font-size wp-block-paragraph\"><strong>Ricardo Vicente L\u00f3pez<\/strong><\/p>\n\n\n\n<figure class=\"wp-block-image size-full\"><a href=\"https:\/\/ricardovicentelopez.com.ar\/wp-content\/uploads\/2025\/04\/image-2.png\"><img loading=\"lazy\" decoding=\"async\" width=\"919\" height=\"501\" src=\"https:\/\/ricardovicentelopez.com.ar\/wp-content\/uploads\/2025\/04\/image-2.png\" alt=\"\" class=\"wp-image-86590\" srcset=\"https:\/\/ricardovicentelopez.com.ar\/wp-content\/uploads\/2025\/04\/image-2.png 919w, https:\/\/ricardovicentelopez.com.ar\/wp-content\/uploads\/2025\/04\/image-2-300x164.png 300w, https:\/\/ricardovicentelopez.com.ar\/wp-content\/uploads\/2025\/04\/image-2-768x419.png 768w\" sizes=\"auto, (max-width: 919px) 100vw, 919px\" \/><\/a><\/figure>\n\n\n\n<p class=\"has-text-align-right wp-block-paragraph\">&nbsp; <em>Si no nos atrevemos a pensar lo imposible,&nbsp;<\/em><\/p>\n\n\n\n<p class=\"has-text-align-right wp-block-paragraph\">&nbsp;&nbsp;&nbsp;&nbsp;&nbsp;&nbsp;&nbsp;&nbsp;&nbsp;&nbsp;&nbsp;&nbsp;&nbsp;&nbsp;&nbsp;&nbsp;&nbsp;&nbsp;&nbsp;&nbsp;&nbsp;&nbsp;&nbsp;&nbsp;&nbsp;&nbsp;&nbsp;&nbsp;&nbsp;&nbsp;&nbsp;&nbsp;&nbsp;&nbsp;&nbsp;&nbsp;&nbsp;&nbsp;&nbsp;&nbsp;&nbsp;&nbsp;&nbsp;&nbsp;&nbsp;&nbsp;&nbsp;&nbsp;&nbsp;&nbsp;&nbsp;&nbsp;&nbsp;&nbsp;&nbsp;&nbsp;&nbsp;&nbsp;&nbsp;&nbsp;&nbsp;&nbsp;&nbsp;&nbsp;&nbsp;&nbsp;&nbsp;&nbsp;&nbsp; &nbsp;<em>deberemos aceptar lo insoportable<\/em><\/p>\n\n\n\n<p class=\"has-text-align-right wp-block-paragraph\">&nbsp;&nbsp;&nbsp;&nbsp;&nbsp;&nbsp;&nbsp;&nbsp;&nbsp;&nbsp;&nbsp;&nbsp;&nbsp;&nbsp;&nbsp;&nbsp;&nbsp;&nbsp;&nbsp;&nbsp;&nbsp;&nbsp;&nbsp;&nbsp;&nbsp;&nbsp;&nbsp;&nbsp;&nbsp;&nbsp;&nbsp;&nbsp;&nbsp;&nbsp;&nbsp;&nbsp;&nbsp;&nbsp;&nbsp;&nbsp;&nbsp;&nbsp;&nbsp;&nbsp;&nbsp;&nbsp;&nbsp;&nbsp;&nbsp;&nbsp;&nbsp;&nbsp;&nbsp;&nbsp;&nbsp;&nbsp;&nbsp;&nbsp;&nbsp;&nbsp;&nbsp;&nbsp;&nbsp;&nbsp;&nbsp;&nbsp;&nbsp;&nbsp;&nbsp;&nbsp;&nbsp;&nbsp;&nbsp;&nbsp;&nbsp;&nbsp;&nbsp; &nbsp;&nbsp;&nbsp;&nbsp;&nbsp;&nbsp;&nbsp;Del Mayo franc\u00e9s \u2013 1968<\/p>\n\n\n\n<p class=\"wp-block-paragraph\">Quiero comenzar este encuentro con algunas aclaraciones que permitan lograr una mejor interpretaci\u00f3n de las ideas que expondr\u00e9. No tienen <em>la menor intenci\u00f3n de pontificar sobre ninguno de los temas que aqu\u00ed se viertan<\/em>. Yo creo estar plenamente consciente de la provisoriedad de todo lo que pueda afirmar, y de su validez que s\u00f3lo est\u00e1n sustentadas en mi larga experiencia docente y en mis convicciones. Adem\u00e1s, estamos en un terreno altamente controvertido en el que, los que han estudiado y reflexionado sobre el particular, no logran ponerse de acuerdo en sus l\u00edneas generales. Por ello, estas charlas no pueden ni deben tener <em>ninguna pretensi\u00f3n de verdad cient\u00edfica incuestionable<\/em>, ni debe atribu\u00edrsele mayor valor que el de ser conclusiones de alguien que, como yo, <em>con vocaci\u00f3n por lo humano<\/em>, experiencia docente y trato constante con j\u00f3venes, <em>ha tomado este tema como materia de investigaci\u00f3n, reflexi\u00f3n y an\u00e1lisis permanente<\/em>.<\/p>\n\n\n\n<p class=\"wp-block-paragraph\">Por todo ello, deseo que se consideren estas palabras como un intento de pensar en voz alta algunas ideas, que pueden ser \u00fatiles a la hora de reunirse para <em>reflexionar juntos sobre la problem\u00e1tica educativa<\/em>.<\/p>\n\n\n\n<p class=\"wp-block-paragraph\">Creo que la amplitud de temas que se deben tocar aparecer\u00e1 como consecuencia de la necesidad de poner ante ustedes <em>una mirada sobre el panorama que enfrentamos<\/em>, y de no querer dejar nada al margen de nuestra ella, en la medida de lo posible. Creo&nbsp; que se juega, en este intento, en parte, el destino de muchos j\u00f3venes que nuestra comunidad deposita en nuestras manos. Ese acto est\u00e1 sostenido por la esperanza de las familias en que <em>los docentes estemos a la altura de la misi\u00f3n que nos encomiendan<\/em>. Misi\u00f3n, vocaci\u00f3n o profesi\u00f3n [en su significaci\u00f3n originaria: hacer por la fe que depositamos en la tarea, es decir por todo aquello por lo cual cada uno de nosotros la hemos abrazado: ser docentes debe ser un modelo, como tambi\u00e9n un pastor o un conductor de una formaci\u00f3n deseable, en los que puedan mirarse para <em>construir su propio destino<\/em>.<\/p>\n\n\n\n<p class=\"wp-block-paragraph\">Ello requiere <em>madurez y nuestro compromiso, como as\u00ed tambi\u00e9n nuestra humildad para reconocer las limitaciones que tenemos ante tan dif\u00edcil problema<\/em>. Ello supone nuestra decisi\u00f3n de <em>bajarnos del pedestal del saber<\/em> y <em>colocarnos en el llano junto a quienes tenemos el deber de ayudar a formar<\/em>. En pocas palabras<em>, lo que propongo son palabras de un docente que quiere contribuir a la profundizaci\u00f3n de un pensamiento compartido y aportar algunas ideas que puedan orientar la b\u00fasqueda de salidas al problema que enfrentamos<\/em>.<\/p>\n\n\n\n<p class=\"wp-block-paragraph\">La crisis que enfrentamos no es una de tantas [El Juez Alejo Ramos Padilla, advirti\u00f3: \u201c<em>tener la Constituci\u00f3n y los principios republicanos siempre presentes\u201d, especialmente ante el \u201cdesencanto democr\u00e1tico\u201d que se expande a nivel global<\/em>.]. Su profundidad, sus caracter\u00edsticas, nos est\u00e1n hablando de la necesidad de <em>abandonar las viejas recetas<\/em>, los <em>viejos m\u00e9todos<\/em>, los <em>simplismos<\/em> y las <em>respuestas f\u00e1ciles<\/em>, lineales y repetidas. No es que todo lo hecho no sirva m\u00e1s, es que previamente se necesita un diagn\u00f3stico claro que s\u00f3lo una mirada comprometida, <em>iluminada por el amor docente<\/em>, puede develar. S\u00f3lo entonces es posible decir qu\u00e9 es rescatable y qu\u00e9 no.<\/p>\n\n\n\n<p class=\"wp-block-paragraph\">Es precisamente ac\u00e1 donde se juega el tema que vamos a comenzar a pensar. D\u00e9cadas atr\u00e1s campeaba en nuestra sociedad una esperanza ut\u00f3pica que, aunque no se manifestara siempre como una expresi\u00f3n mayoritaria, compart\u00eda una especie de sentido com\u00fan de \u00e9poca: <em>la capacidad de proyectarse hacia futuros lejanos, pensar tiempos mejores y so\u00f1ar con realizaciones deseables, aunque parecieran imposibles<\/em>.<\/p>\n\n\n\n<p class=\"wp-block-paragraph\">Hoy esa esperanza ha quedado reducida a un estrecho espacio en el cual algunos de nosotros, que no somos tantos, persistimos a pesar del clima de escepticismo generalizado, pero seguimos so\u00f1ando. El tema y sus consecuencias tienen una dolorosa repercusi\u00f3n en nuestros j\u00f3venes, como bien se\u00f1ala un estudio realizado en la Universidad Nacional del Sur sobre <em>Deserci\u00f3n Universitaria<\/em>, se dice all\u00ed:<\/p>\n\n\n\n<p class=\"wp-block-paragraph\">\u00abNuestros j\u00f3venes se sienten presionados por un contexto social contradictorio: por un lado, se les demanda cada vez mayores niveles de formaci\u00f3n cient\u00edfica y t\u00e9cnica, y por otro no se les garantiza al concluir sus estudios de grado, inserci\u00f3n en el mercado laboral. Saben, por experiencia de otros compa\u00f1eros profesionales, que muchas veces se debe <em>deambular sin trabajo<\/em> o <em>realizar tareas que nada tienen que ver con su capacitaci\u00f3n<\/em>&#8230; En Argentina estamos viviendo una crisis profunda en la educaci\u00f3n. Tenemos la percepci\u00f3n de que, muchas veces, lo que ense\u00f1amos est\u00e1 desasido de las demandas del mundo del trabajo y de la vida cotidiana. Formamos profesionales para trabajos que est\u00e1n en v\u00edas de extinci\u00f3n y que probablemente no existir\u00e1n en un futuro no muy lejano\u00bb.<\/p>\n\n\n\n<p class=\"wp-block-paragraph\">El <em>escepticismo<\/em>, es <em>un \u00f3xido altamente corrosivo<\/em>, que ha invadido la conciencia de una porci\u00f3n preocupante de las personas relacionadas con la educaci\u00f3n. Creo que la tarea que nos reclama llama a la heroicidad, a la audacia, al desprendimiento, a la entrega, es decir a <em>un amor que s\u00f3lo desde la fe en nosotros y en nuestros j\u00f3venes, puede hacerlo&nbsp; posible<\/em>. Son palabras dolorosas pero realistas: es una tarea para pocos, y, aunque esto suene a soberbia, la historia nos muestra que de las grandes crisis se sali\u00f3 con la claridad, el esfuerzo y el empuje de unos pocos.; \u00e9stos despu\u00e9s fueron seguidos por el resto. As\u00ed nos lo impone el tiempo que nos toca vivir. El pensador, &nbsp;fil\u00f3sofo y psic\u00f3logo alem\u00e1n, Eduard Spranger (1882-1963) sosten\u00eda que:<\/p>\n\n\n\n<p class=\"wp-block-paragraph\">\u00abLa educaci\u00f3n es la voluntad despertada por el amor generoso en el alma de otro, de desenvolver desde dentro su total receptividad para los valores y su total capacidad formadora de valores\u00bb.<\/p>\n\n\n\n<p class=\"wp-block-paragraph\">Pensar detenidamente en tales palabras nos permitir\u00e1 tomar conciencia real de la distancia que nos separa de tal prop\u00f3sito y de su logro.<\/p>\n\n\n\n<p class=\"wp-block-paragraph\"><\/p>\n\n\n\n<p class=\"wp-block-paragraph\">Si nos quer\u00e9s seguir en Youtube nuestro canal es: <a href=\"https:\/\/www.youtube.com\/@RicardoLopez-gh7qi\">https:\/\/www.youtube.com\/@RicardoLopez-gh7qi<\/a><\/p>\n\n\n\n<p class=\"wp-block-paragraph\">Enlace para el video de este encuentro: <a href=\"https:\/\/www.youtube.com\/watch?v=dZBGNOlM04Y\">https:\/\/www.youtube.com\/watch?v=dZBGNOlM04Y<\/a><\/p>\n\n\n\n<p class=\"wp-block-paragraph\"><\/p>\n","protected":false},"excerpt":{"rendered":"<p>Ricardo Vicente L\u00f3pez &nbsp; Si no nos atrevemos a pensar lo imposible,&nbsp; &nbsp;&nbsp;&nbsp;&nbsp;&nbsp;&nbsp;&nbsp;&nbsp;&nbsp;&nbsp;&nbsp;&nbsp;&nbsp;&nbsp;&nbsp;&nbsp;&nbsp;&nbsp;&nbsp;&nbsp;&nbsp;&nbsp;&nbsp;&nbsp;&nbsp;&nbsp;&nbsp;&nbsp;&nbsp;&nbsp;&nbsp;&nbsp;&nbsp;&nbsp;&nbsp;&nbsp;&nbsp;&nbsp;&nbsp;&nbsp;&nbsp;&nbsp;&nbsp;&nbsp;&nbsp;&nbsp;&nbsp;&nbsp;&nbsp;&nbsp;&nbsp;&nbsp;&nbsp;&nbsp;&nbsp;&nbsp;&nbsp;&nbsp;&nbsp;&nbsp;&nbsp;&nbsp;&nbsp;&nbsp;&nbsp;&nbsp;&nbsp;&nbsp;&nbsp; &nbsp;deberemos aceptar lo insoportable &nbsp;&nbsp;&nbsp;&nbsp;&nbsp;&nbsp;&nbsp;&nbsp;&nbsp;&nbsp;&nbsp;&nbsp;&nbsp;&nbsp;&nbsp;&nbsp;&nbsp;&nbsp;&nbsp;&nbsp;&nbsp;&nbsp;&nbsp;&nbsp;&nbsp;&nbsp;&nbsp;&nbsp;&nbsp;&nbsp;&nbsp;&nbsp;&nbsp;&nbsp;&nbsp;&nbsp;&nbsp;&nbsp;&nbsp;&nbsp;&nbsp;&nbsp;&nbsp;&nbsp;&nbsp;&nbsp;&nbsp;&nbsp;&nbsp;&nbsp;&nbsp;&nbsp;&nbsp;&nbsp;&nbsp;&nbsp;&nbsp;&nbsp;&nbsp;&nbsp;&nbsp;&nbsp;&nbsp;&nbsp;&nbsp;&nbsp;&nbsp;&nbsp;&nbsp;&nbsp;&nbsp;&nbsp;&nbsp;&nbsp;&nbsp;&nbsp;&nbsp; &nbsp;&nbsp;&nbsp;&nbsp;&nbsp;&nbsp;&nbsp;Del Mayo franc\u00e9s \u2013 1968 Quiero comenzar este encuentro con algunas aclaraciones que permitan lograr una mejor interpretaci\u00f3n de las ideas que expondr\u00e9. No tienen la menor intenci\u00f3n de pontificar sobre ninguno de los temas que aqu\u00ed [&hellip;]<\/p>\n","protected":false},"author":1,"featured_media":0,"comment_status":"open","ping_status":"open","sticky":false,"template":"","format":"standard","meta":{"footnotes":""},"categories":[1],"tags":[],"class_list":["post-86589","post","type-post","status-publish","format-standard","hentry","category-sin-categoria"],"_links":{"self":[{"href":"https:\/\/ricardovicentelopez.com.ar\/index.php?rest_route=\/wp\/v2\/posts\/86589","targetHints":{"allow":["GET"]}}],"collection":[{"href":"https:\/\/ricardovicentelopez.com.ar\/index.php?rest_route=\/wp\/v2\/posts"}],"about":[{"href":"https:\/\/ricardovicentelopez.com.ar\/index.php?rest_route=\/wp\/v2\/types\/post"}],"author":[{"embeddable":true,"href":"https:\/\/ricardovicentelopez.com.ar\/index.php?rest_route=\/wp\/v2\/users\/1"}],"replies":[{"embeddable":true,"href":"https:\/\/ricardovicentelopez.com.ar\/index.php?rest_route=%2Fwp%2Fv2%2Fcomments&post=86589"}],"version-history":[{"count":2,"href":"https:\/\/ricardovicentelopez.com.ar\/index.php?rest_route=\/wp\/v2\/posts\/86589\/revisions"}],"predecessor-version":[{"id":86596,"href":"https:\/\/ricardovicentelopez.com.ar\/index.php?rest_route=\/wp\/v2\/posts\/86589\/revisions\/86596"}],"wp:attachment":[{"href":"https:\/\/ricardovicentelopez.com.ar\/index.php?rest_route=%2Fwp%2Fv2%2Fmedia&parent=86589"}],"wp:term":[{"taxonomy":"category","embeddable":true,"href":"https:\/\/ricardovicentelopez.com.ar\/index.php?rest_route=%2Fwp%2Fv2%2Fcategories&post=86589"},{"taxonomy":"post_tag","embeddable":true,"href":"https:\/\/ricardovicentelopez.com.ar\/index.php?rest_route=%2Fwp%2Fv2%2Ftags&post=86589"}],"curies":[{"name":"wp","href":"https:\/\/api.w.org\/{rel}","templated":true}]}}