{"id":86584,"date":"2025-04-14T11:28:08","date_gmt":"2025-04-14T11:28:08","guid":{"rendered":"https:\/\/ricardovicentelopez.com.ar\/?p=86584"},"modified":"2025-05-20T13:21:17","modified_gmt":"2025-05-20T13:21:17","slug":"mateando-la-educacion-i-reencuentro-inesperado","status":"publish","type":"post","link":"https:\/\/ricardovicentelopez.com.ar\/?p=86584","title":{"rendered":"MATEANDO LA EDUCACI\u00d3N I \u2013 Reencuentro inesperado"},"content":{"rendered":"\n<p class=\"has-text-align-right has-medium-font-size wp-block-paragraph\"><strong>Ricardo Vicente L\u00f3pez<\/strong><\/p>\n\n\n\n<p class=\"wp-block-paragraph\"><\/p>\n\n\n\n<p class=\"has-text-align-right wp-block-paragraph\"><em>\u201cAmar no es mirarse el uno al otro; es mirar juntos en la misma direcci\u00f3n\u201d.<\/em><\/p>\n\n\n\n<p class=\"has-text-align-right wp-block-paragraph\">Antoine de Saint-Exup\u00e9ry \u2013 autor del Principito<\/p>\n\n\n\n<figure class=\"wp-block-image size-full\"><a href=\"https:\/\/ricardovicentelopez.com.ar\/wp-content\/uploads\/2025\/04\/image.png\"><img loading=\"lazy\" decoding=\"async\" width=\"960\" height=\"630\" src=\"https:\/\/ricardovicentelopez.com.ar\/wp-content\/uploads\/2025\/04\/image.png\" alt=\"\" class=\"wp-image-86585\" srcset=\"https:\/\/ricardovicentelopez.com.ar\/wp-content\/uploads\/2025\/04\/image.png 960w, https:\/\/ricardovicentelopez.com.ar\/wp-content\/uploads\/2025\/04\/image-300x197.png 300w, https:\/\/ricardovicentelopez.com.ar\/wp-content\/uploads\/2025\/04\/image-768x504.png 768w\" sizes=\"auto, (max-width: 960px) 100vw, 960px\" \/><\/a><\/figure>\n\n\n\n<p class=\"wp-block-paragraph\">Quiero contar una breve historia, antes de dar por inaugurada la nueva y segunda temporada&nbsp; de <em>Mateando<\/em>,&nbsp; dedicada esta a la <em>Educaci\u00f3n de la persona<\/em> [<a href=\"#_ftn1\" id=\"_ftnref1\">[1]<\/a>]<em>. <\/em>Una hermosa maniobra, impregnada de cari\u00f1o, me fue impuesta cari\u00f1osamente por un grupo de viejos amigos \u2013 alumnos, conocidos, compa\u00f1eros, personas todas ellas un tanto alejadas por m\u00ed por mi paulatina auto-reclusi\u00f3n al considerarme un <em>jubilado<\/em>, con toda la carga negativa de la palabra. Esto es algo que no les voy a <em>perdonar<\/em> y <em>agradecer<\/em>, al mismo tiempo. Yo me hab\u00eda dedicado a escribir, publicar en mi p\u00e1gina web [<a href=\"#_ftn2\" id=\"_ftnref2\">[2]<\/a>], por considerarme un retirado de la m\u00e1s hermosa y noble profesi\u00f3n, pero m\u00e1s desacreditada en estos tiempos: la de ser <em>un docente<\/em>. De ese encerramiento, en el cual fui <em>prisionero y &nbsp;carcelero yo-mismo-de\u2013mi-mismo<\/em>, tiempo en el que me dije: \u201cdedicate a lo poco que te queda\u201d; y sumisamente acept\u00e9.<\/p>\n\n\n\n<p class=\"wp-block-paragraph\">Sin embargo, sin saber que todav\u00eda me quedaban algunas batallas por la cultura por lo que deb\u00eda incorporarme a enfrentarlas, por obligaci\u00f3n moral. Esta obligaci\u00f3n tiene como base la deuda que yo contraje con el pueblo argentino por haber transitado por todo el camino institucional del sistema educativo, desde mi ingreso en 1944 a la escuela&nbsp;primaria hasta mi egreso en 1972 de la<em> Facultad de Filosof\u00eda y Letras de la Universidad de Buenos Aires,<\/em> sin haber pagado nunca nada del costo que generaron mis casi treinta a\u00f1os de estudios. Yo, como se acostumbra a decir ahora, fui uno de los pocos que termin\u00f3 el <em>secundario<\/em>; y fui el primero y \u00fanico egresado, con un <em>t\u00edtulo universitario,<\/em> de esa familia grande, clase media baja.<\/p>\n\n\n\n<p class=\"wp-block-paragraph\">Agrego a ello que todo ese recorrido lo hice trabajando de empleado en diversas empresas: desde mis ocho a\u00f1os hasta los veinte repartiendo pan a domicilio y desde mis veintid\u00f3s a\u00f1os, en que cumpl\u00ed con el Servicio Militar obligatorio, y comenc\u00e9 a dar clases en el <em>Instituto Superior Mariano Moreno<\/em>, hasta mi jubilaci\u00f3n en 2015 de la <em>Universidad Nacional del Sur<\/em>. Debo sumar, entonces, mi ausencia de las aulas por la expulsi\u00f3n de mis cargos universitarios en Buenos Aires por disposici\u00f3n del gobierno militar en 1976, catorce a\u00f1os de docencia, hasta que logr\u00e9 reintegrarme a la docencia en Bah\u00eda Blanca en 1984 hasta mi jubilaci\u00f3n de la UNS en el 2015, treinta y un a\u00f1os m\u00e1s, suman un total de 45 a\u00f1os de docencia.<\/p>\n\n\n\n<p class=\"wp-block-paragraph\">Es entonces, que un inesperado reclamo de un conjunto de todos aquellos que me conoc\u00edan me lleg\u00f3 <em>la m\u00e1s comprometida y sagrada orden<\/em>: \u00ab\u00a1lev\u00e1ntate y anda! Dej\u00e1 atr\u00e1s el triste regocijo de la auto-piedad, desenvain\u00e1 tu arma: la <em>palabra oral<\/em> y presentate en el <em>campo de batalla<\/em> de la Educaci\u00f3n\u00bb. Ten\u00eda que sumarme a los que tambi\u00e9n est\u00e1n luchando por los mismos objetivos: <em>la defensa de la<\/em> <em>humanizaci\u00f3n de la persona<\/em> \u2013 aunque esta frase suene como un disparate ling\u00fc\u00edstico \u2014 dejo la tarea de explicarla para los encuentros siguientes &#8211;.<\/p>\n\n\n\n<p class=\"wp-block-paragraph\">En tiempos en los que se <em>argumenta <\/em>y se <em>practica la destrucci\u00f3n de lo m\u00e1s bello de lo humano<\/em>: el Amor, sosteniendo la pr\u00e1ctica sistem\u00e1tica de un odio que ni siquiera el m\u00e1s fiero de los animales salvajes es capaz de ejercer sobre el otro &#8212; en ellos su fiereza es impuesta por el hambre&#8211;. Me lleva, entonces, a preguntarme \u00bf<em>qu\u00e9 clase de odio es \u00e9ste, ejercido contra todos aquellos que no aceptan tanta impiedad ciega<\/em>, sin <em>razones<\/em>?\u00bfQu\u00e9 los empuja a los \u201c<em>libertarios de esta especie<\/em>\u201d para odiar as\u00ed? Odian con una nueva variedad de los \u201codios sin raz\u00f3n\u201d: s\u00f3lo porque ser \u201cun odiador\u201d da prestigio entre ellos, \u201cla manada de los odiadores-insultadores\u201d, cuya necedad e ignorancia les da prestigio de bruto-ignorante, para ascender en la escalera que los hace sentirse superiores: \u00a1pobrecitos e ingenuos, suponen que la brutalidad es un m\u00e9rito!<\/p>\n\n\n\n<p class=\"wp-block-paragraph\">En nuestra Argentina estamos viviendo tiempos insalubres, ante el imperio de la <em>pandemia del odio<\/em>, que solo tiene un ant\u00eddoto: el <em>Amor sin condiciones<\/em>, vacuna poderosa que nos proteger\u00e1 del ataque de ese virus. Esa vacuna se denomina <em>Educaci\u00f3n<\/em>, <em>en el sentido m\u00e1s abarcador y profundo del concepto<\/em>.<\/p>\n\n\n\n<p class=\"wp-block-paragraph\">Entonces, ya pertrechado [<a href=\"#_ftn3\" id=\"_ftnref3\">[3]<\/a>] con todo lo necesario para incorporarme al campo educativo, me presento con el derecho que me da m\u00e1s de cuarenta a\u00f1os frente a un aula, para llegar con mi palabra veterana, a toda persona, sin distinci\u00f3n de sexo, edades, formaci\u00f3n anterior, creencias, ideolog\u00edas; pero con una sola condici\u00f3n <em>sine qua non<\/em> &#8211;que significa literalmente &#8216;<em>sin la cual no<\/em>&#8216; [<a href=\"#_ftn4\" id=\"_ftnref4\">[4]<\/a>]&#8211;; en este caso: \u201c<em>ser una buena persona<\/em>\u201d.<\/p>\n\n\n\n<hr class=\"wp-block-separator has-alpha-channel-opacity\"\/>\n\n\n\n<p class=\"wp-block-paragraph\"><a href=\"#_ftnref1\" id=\"_ftn1\">[1]<\/a> Pido que se recuerde esta definici\u00f3n <em>Educaci\u00f3n de la persona<\/em>, respecto de la cual me extender\u00e9 en los sucesivos encuentros.<\/p>\n\n\n\n<p class=\"wp-block-paragraph\"><a href=\"#_ftnref2\" id=\"_ftn2\">[2]<\/a> <a href=\"http:\/\/www.ricardovicentelopez.com.ar\">www.ricardovicentelopez.com.ar<\/a>.<\/p>\n\n\n\n<p class=\"wp-block-paragraph\"><a href=\"#_ftnref3\" id=\"_ftn3\">[3]<\/a> Seg\u00fan la RAE: \u00abDispuesto o preparado con lo necesario para la ejecuci\u00f3n de algo\u00bb.<\/p>\n\n\n\n<p class=\"wp-block-paragraph\"><a href=\"#_ftnref4\" id=\"_ftn4\">[4]<\/a> Palabra que se emplea con el sentido de \u201ccondici\u00f3n indispensable para algo\u201d.<\/p>\n\n\n\n<p class=\"wp-block-paragraph\"><\/p>\n\n\n\n<p class=\"wp-block-paragraph\">Si nos quer\u00e9s seguir en Youtube nuestro canal es: <a href=\"https:\/\/www.youtube.com\/@RicardoLopez-gh7qi\">https:\/\/www.youtube.com\/@RicardoLopez-gh7qi<\/a><\/p>\n\n\n\n<p class=\"wp-block-paragraph\">Enlace para el video de este encuentro: <a href=\"https:\/\/www.youtube.com\/watch?v=XWT1k6QBJUw\">https:\/\/www.youtube.com\/watch?v=XWT1k6QBJUw<\/a><\/p>\n\n\n\n<p class=\"wp-block-paragraph\"><\/p>\n","protected":false},"excerpt":{"rendered":"<p>Ricardo Vicente L\u00f3pez \u201cAmar no es mirarse el uno al otro; es mirar juntos en la misma direcci\u00f3n\u201d. Antoine de Saint-Exup\u00e9ry \u2013 autor del Principito Quiero contar una breve historia, antes de dar por inaugurada la nueva y segunda temporada&nbsp; de Mateando,&nbsp; dedicada esta a la Educaci\u00f3n de la persona [[1]]. Una hermosa maniobra, impregnada [&hellip;]<\/p>\n","protected":false},"author":1,"featured_media":0,"comment_status":"open","ping_status":"open","sticky":false,"template":"","format":"standard","meta":{"footnotes":""},"categories":[1],"tags":[],"class_list":["post-86584","post","type-post","status-publish","format-standard","hentry","category-sin-categoria"],"_links":{"self":[{"href":"https:\/\/ricardovicentelopez.com.ar\/index.php?rest_route=\/wp\/v2\/posts\/86584","targetHints":{"allow":["GET"]}}],"collection":[{"href":"https:\/\/ricardovicentelopez.com.ar\/index.php?rest_route=\/wp\/v2\/posts"}],"about":[{"href":"https:\/\/ricardovicentelopez.com.ar\/index.php?rest_route=\/wp\/v2\/types\/post"}],"author":[{"embeddable":true,"href":"https:\/\/ricardovicentelopez.com.ar\/index.php?rest_route=\/wp\/v2\/users\/1"}],"replies":[{"embeddable":true,"href":"https:\/\/ricardovicentelopez.com.ar\/index.php?rest_route=%2Fwp%2Fv2%2Fcomments&post=86584"}],"version-history":[{"count":3,"href":"https:\/\/ricardovicentelopez.com.ar\/index.php?rest_route=\/wp\/v2\/posts\/86584\/revisions"}],"predecessor-version":[{"id":86602,"href":"https:\/\/ricardovicentelopez.com.ar\/index.php?rest_route=\/wp\/v2\/posts\/86584\/revisions\/86602"}],"wp:attachment":[{"href":"https:\/\/ricardovicentelopez.com.ar\/index.php?rest_route=%2Fwp%2Fv2%2Fmedia&parent=86584"}],"wp:term":[{"taxonomy":"category","embeddable":true,"href":"https:\/\/ricardovicentelopez.com.ar\/index.php?rest_route=%2Fwp%2Fv2%2Fcategories&post=86584"},{"taxonomy":"post_tag","embeddable":true,"href":"https:\/\/ricardovicentelopez.com.ar\/index.php?rest_route=%2Fwp%2Fv2%2Ftags&post=86584"}],"curies":[{"name":"wp","href":"https:\/\/api.w.org\/{rel}","templated":true}]}}