{"id":86359,"date":"2023-09-13T11:30:19","date_gmt":"2023-09-13T11:30:19","guid":{"rendered":"https:\/\/ricardovicentelopez.com.ar\/?p=86359"},"modified":"2023-09-13T11:30:20","modified_gmt":"2023-09-13T11:30:20","slug":"de-que-libertad-hablamos-2","status":"publish","type":"post","link":"https:\/\/ricardovicentelopez.com.ar\/?p=86359","title":{"rendered":"\u00bfDE QU\u00c9 LIBERTAD HABLAMOS?"},"content":{"rendered":"\n<p class=\"has-medium-font-size wp-block-paragraph\"><em><strong>El problema de la libertad\u00a0en la sociedad moderna<\/strong><\/em><\/p>\n\n\n\n<figure class=\"wp-block-image size-full\"><a href=\"https:\/\/ricardovicentelopez.com.ar\/wp-content\/uploads\/2023\/09\/image-15.png\"><img loading=\"lazy\" decoding=\"async\" width=\"989\" height=\"605\" src=\"https:\/\/ricardovicentelopez.com.ar\/wp-content\/uploads\/2023\/09\/image-15.png\" alt=\"\" class=\"wp-image-86360\" srcset=\"https:\/\/ricardovicentelopez.com.ar\/wp-content\/uploads\/2023\/09\/image-15.png 989w, https:\/\/ricardovicentelopez.com.ar\/wp-content\/uploads\/2023\/09\/image-15-300x184.png 300w, https:\/\/ricardovicentelopez.com.ar\/wp-content\/uploads\/2023\/09\/image-15-768x470.png 768w\" sizes=\"auto, (max-width: 989px) 100vw, 989px\" \/><\/a><\/figure>\n\n\n\n<p class=\"wp-block-paragraph\">I.- <em>Palabras introductorias<\/em><\/p>\n\n\n\n<p class=\"wp-block-paragraph\">Libertad y democracia son conceptos que aparecen reiteradamente en el lenguaje cotidiano. La falta de una adecuada reflexi\u00f3n sobre los contenidos que encierran, o debieran encerrar, y la utilizaci\u00f3n muchas veces antojadiza que se hace de esos vocablos, logra que se hable de ellos y con ellos con una desaprensi\u00f3n que impide profundizar aspectos vitales y esenciales para la vida en el mundo de hoy.<\/p>\n\n\n\n<p class=\"wp-block-paragraph\">Seguir leyendo:<\/p>\n\n\n\n<figure class=\"wp-block-image size-full\"><a href=\"https:\/\/ricardovicentelopez.com.ar\/wp-content\/uploads\/2023\/09\/image-16.png\"><img loading=\"lazy\" decoding=\"async\" width=\"52\" height=\"42\" src=\"https:\/\/ricardovicentelopez.com.ar\/wp-content\/uploads\/2023\/09\/image-16.png\" alt=\"\" class=\"wp-image-86361\"\/><\/a><\/figure>\n\n\n\n<p class=\"wp-block-paragraph\"><a href=\"https:\/\/ricardovicentelopez.com.ar\/wp-content\/uploads\/2023\/09\/De-que-libertad-hablamos.pdf\">https:\/\/ricardovicentelopez.com.ar\/wp-content\/uploads\/2023\/09\/De-que-libertad-hablamos.pdf<\/a><\/p>\n","protected":false},"excerpt":{"rendered":"<p>El problema de la libertad\u00a0en la sociedad moderna I.- Palabras introductorias Libertad y democracia son conceptos que aparecen reiteradamente en el lenguaje cotidiano. La falta de una adecuada reflexi\u00f3n sobre los contenidos que encierran, o debieran encerrar, y la utilizaci\u00f3n muchas veces antojadiza que se hace de esos vocablos, logra que se hable de ellos [&hellip;]<\/p>\n","protected":false},"author":1,"featured_media":0,"comment_status":"open","ping_status":"open","sticky":false,"template":"","format":"standard","meta":{"footnotes":""},"categories":[1],"tags":[],"class_list":["post-86359","post","type-post","status-publish","format-standard","hentry","category-sin-categoria"],"_links":{"self":[{"href":"https:\/\/ricardovicentelopez.com.ar\/index.php?rest_route=\/wp\/v2\/posts\/86359","targetHints":{"allow":["GET"]}}],"collection":[{"href":"https:\/\/ricardovicentelopez.com.ar\/index.php?rest_route=\/wp\/v2\/posts"}],"about":[{"href":"https:\/\/ricardovicentelopez.com.ar\/index.php?rest_route=\/wp\/v2\/types\/post"}],"author":[{"embeddable":true,"href":"https:\/\/ricardovicentelopez.com.ar\/index.php?rest_route=\/wp\/v2\/users\/1"}],"replies":[{"embeddable":true,"href":"https:\/\/ricardovicentelopez.com.ar\/index.php?rest_route=%2Fwp%2Fv2%2Fcomments&post=86359"}],"version-history":[{"count":1,"href":"https:\/\/ricardovicentelopez.com.ar\/index.php?rest_route=\/wp\/v2\/posts\/86359\/revisions"}],"predecessor-version":[{"id":86362,"href":"https:\/\/ricardovicentelopez.com.ar\/index.php?rest_route=\/wp\/v2\/posts\/86359\/revisions\/86362"}],"wp:attachment":[{"href":"https:\/\/ricardovicentelopez.com.ar\/index.php?rest_route=%2Fwp%2Fv2%2Fmedia&parent=86359"}],"wp:term":[{"taxonomy":"category","embeddable":true,"href":"https:\/\/ricardovicentelopez.com.ar\/index.php?rest_route=%2Fwp%2Fv2%2Fcategories&post=86359"},{"taxonomy":"post_tag","embeddable":true,"href":"https:\/\/ricardovicentelopez.com.ar\/index.php?rest_route=%2Fwp%2Fv2%2Ftags&post=86359"}],"curies":[{"name":"wp","href":"https:\/\/api.w.org\/{rel}","templated":true}]}}