{"id":86345,"date":"2023-09-12T12:31:41","date_gmt":"2023-09-12T12:31:41","guid":{"rendered":"https:\/\/ricardovicentelopez.com.ar\/?p=86345"},"modified":"2023-09-12T12:31:42","modified_gmt":"2023-09-12T12:31:42","slug":"aproximaciones-a-una-antropologia-judeo-cristiana-i","status":"publish","type":"post","link":"https:\/\/ricardovicentelopez.com.ar\/?p=86345","title":{"rendered":"APROXIMACIONES A UNA ANTROPOLOG\u00cdA JUDEO-CRISTIANA I"},"content":{"rendered":"\n<p class=\"has-medium-font-size wp-block-paragraph\"><strong><em>Reflexiones sobre la persona occidental pensando el futuro latinoamericano<\/em><\/strong><\/p>\n\n\n\n<figure class=\"wp-block-image size-full is-resized\"><a href=\"https:\/\/ricardovicentelopez.com.ar\/wp-content\/uploads\/2023\/09\/image-11.png\"><img loading=\"lazy\" decoding=\"async\" src=\"https:\/\/ricardovicentelopez.com.ar\/wp-content\/uploads\/2023\/09\/image-11.png\" alt=\"\" class=\"wp-image-86348\" style=\"width:717px;height:251px\" width=\"717\" height=\"251\" srcset=\"https:\/\/ricardovicentelopez.com.ar\/wp-content\/uploads\/2023\/09\/image-11.png 497w, https:\/\/ricardovicentelopez.com.ar\/wp-content\/uploads\/2023\/09\/image-11-300x105.png 300w\" sizes=\"auto, (max-width: 717px) 100vw, 717px\" \/><\/a><\/figure>\n\n\n\n<p class=\"wp-block-paragraph\"><em>Aclaraci\u00f3n para el lector<\/em><\/p>\n\n\n\n<p class=\"wp-block-paragraph\">Poder pensar esos temas desde la \u00f3ptica de la centralidad del hombre, y no desde \u00f3pticas t\u00e9cnicas, como es habitual hacerlo hoy, por el peso de las ideas imperantes en estos \u00faltimos siglos, me parece un camino que ayudar\u00e1 a superar un obst\u00e1culo para la realizaci\u00f3n integral del hombre. Esto exige el logro de una adecuada reflexi\u00f3n que respete la unicidad del hombre y su dignidad. Considerando este planteo como punto central \u00e9tico que deber\u00e1 iluminar el tratamiento reci\u00e9n se\u00f1alado, as\u00ed como abrir caminos posibles para el correcto desarrollo de la triple tem\u00e1tica. Es decir, un intento que deber\u00e1 permitir despejar el abordaje y la propuesta de un mundo m\u00e1s humano. Tambi\u00e9n se conserva en este nuevo trabajo, y se reafirma, el compromiso que impone la pertenencia y la vocaci\u00f3n cristiana latinoamericana que ya estaba en el anterior, pero que ahora adquiere una renovada reflexi\u00f3n.<\/p>\n\n\n\n<p class=\"wp-block-paragraph\">Seguir leyendo:<\/p>\n\n\n\n<figure class=\"wp-block-image size-full\"><a href=\"https:\/\/ricardovicentelopez.com.ar\/wp-content\/uploads\/2023\/09\/image-12.png\"><img loading=\"lazy\" decoding=\"async\" width=\"52\" height=\"42\" src=\"https:\/\/ricardovicentelopez.com.ar\/wp-content\/uploads\/2023\/09\/image-12.png\" alt=\"\" class=\"wp-image-86349\"\/><\/a><\/figure>\n\n\n\n<p class=\"wp-block-paragraph\"><a href=\"https:\/\/ricardovicentelopez.com.ar\/wp-content\/uploads\/2023\/09\/Aproximaciones-a-una-antropologia-judeo-cristiana-I.pdf\">https:\/\/ricardovicentelopez.com.ar\/wp-content\/uploads\/2023\/09\/Aproximaciones-a-una-antropologia-judeo-cristiana-I.pdf<\/a><\/p>\n","protected":false},"excerpt":{"rendered":"<p>Reflexiones sobre la persona occidental pensando el futuro latinoamericano Aclaraci\u00f3n para el lector Poder pensar esos temas desde la \u00f3ptica de la centralidad del hombre, y no desde \u00f3pticas t\u00e9cnicas, como es habitual hacerlo hoy, por el peso de las ideas imperantes en estos \u00faltimos siglos, me parece un camino que ayudar\u00e1 a superar un [&hellip;]<\/p>\n","protected":false},"author":1,"featured_media":0,"comment_status":"open","ping_status":"open","sticky":false,"template":"","format":"standard","meta":{"footnotes":""},"categories":[1],"tags":[],"class_list":["post-86345","post","type-post","status-publish","format-standard","hentry","category-sin-categoria"],"_links":{"self":[{"href":"https:\/\/ricardovicentelopez.com.ar\/index.php?rest_route=\/wp\/v2\/posts\/86345","targetHints":{"allow":["GET"]}}],"collection":[{"href":"https:\/\/ricardovicentelopez.com.ar\/index.php?rest_route=\/wp\/v2\/posts"}],"about":[{"href":"https:\/\/ricardovicentelopez.com.ar\/index.php?rest_route=\/wp\/v2\/types\/post"}],"author":[{"embeddable":true,"href":"https:\/\/ricardovicentelopez.com.ar\/index.php?rest_route=\/wp\/v2\/users\/1"}],"replies":[{"embeddable":true,"href":"https:\/\/ricardovicentelopez.com.ar\/index.php?rest_route=%2Fwp%2Fv2%2Fcomments&post=86345"}],"version-history":[{"count":1,"href":"https:\/\/ricardovicentelopez.com.ar\/index.php?rest_route=\/wp\/v2\/posts\/86345\/revisions"}],"predecessor-version":[{"id":86350,"href":"https:\/\/ricardovicentelopez.com.ar\/index.php?rest_route=\/wp\/v2\/posts\/86345\/revisions\/86350"}],"wp:attachment":[{"href":"https:\/\/ricardovicentelopez.com.ar\/index.php?rest_route=%2Fwp%2Fv2%2Fmedia&parent=86345"}],"wp:term":[{"taxonomy":"category","embeddable":true,"href":"https:\/\/ricardovicentelopez.com.ar\/index.php?rest_route=%2Fwp%2Fv2%2Fcategories&post=86345"},{"taxonomy":"post_tag","embeddable":true,"href":"https:\/\/ricardovicentelopez.com.ar\/index.php?rest_route=%2Fwp%2Fv2%2Ftags&post=86345"}],"curies":[{"name":"wp","href":"https:\/\/api.w.org\/{rel}","templated":true}]}}