{"id":86335,"date":"2023-09-08T11:33:59","date_gmt":"2023-09-08T11:33:59","guid":{"rendered":"https:\/\/ricardovicentelopez.com.ar\/?p=86335"},"modified":"2023-09-08T11:34:00","modified_gmt":"2023-09-08T11:34:00","slug":"del-hombre-comunitario-al-hombre-competitivo","status":"publish","type":"post","link":"https:\/\/ricardovicentelopez.com.ar\/?p=86335","title":{"rendered":"DEL HOMBRE COMUNITARIO AL HOMBRE COMPETITIVO"},"content":{"rendered":"\n<p class=\"has-medium-font-size wp-block-paragraph\"><em><strong>La falacia del ego\u00edsmo originario<\/strong><\/em><\/p>\n\n\n\n<figure class=\"wp-block-image size-full\"><a href=\"https:\/\/ricardovicentelopez.com.ar\/wp-content\/uploads\/2023\/09\/image-8.png\"><img loading=\"lazy\" decoding=\"async\" width=\"657\" height=\"858\" src=\"https:\/\/ricardovicentelopez.com.ar\/wp-content\/uploads\/2023\/09\/image-8.png\" alt=\"\" class=\"wp-image-86336\" srcset=\"https:\/\/ricardovicentelopez.com.ar\/wp-content\/uploads\/2023\/09\/image-8.png 657w, https:\/\/ricardovicentelopez.com.ar\/wp-content\/uploads\/2023\/09\/image-8-230x300.png 230w\" sizes=\"auto, (max-width: 657px) 100vw, 657px\" \/><\/a><\/figure>\n\n\n\n<p class=\"has-medium-font-size wp-block-paragraph\"><em>Los prejuicios respecto del hombre originario condicionan lo que se piensa sobre el hombre de hoy<\/em><\/p>\n\n\n\n<p class=\"wp-block-paragraph\">Primeras palabras<\/p>\n\n\n\n<p class=\"wp-block-paragraph\">La salida de la Antig\u00fcedad, por la ca\u00edda del imperio romano de occidente, en el siglo IV, transit\u00f3 una primera etapa: el proceso de la transformaci\u00f3n de las tradiciones que hab\u00edan configurado, durante un poco m\u00e1s de diez siglos, el tan maltratado y difamado, <em>mundo medieval<\/em>: la s\u00edntesis entre la <em>tradici\u00f3n greco-romana<\/em> y la tradici\u00f3n <em>semita<\/em> abri\u00f3 una brecha que posibilit\u00f3 <em>la construcci\u00f3n de un largo camino hacia la cultura burguesa europea<\/em>.&nbsp; En otras palabras, la etapa que conocemos como la Modernidad, necesit\u00f3 una <em>nueva concepci\u00f3n del mundo que<\/em> respondiera a la necesidad de forjar una nueva antropolog\u00eda. As\u00ed se justificar\u00eda una <em>nueva doctrina<\/em>. \u00c9sta ir\u00eda colocando a un nuevo personaje hist\u00f3rico: <em>el hombre<\/em> <em>individualista en el centro del escenario<\/em>. Con este concepto comenzaba a repensarse el <em>hombre de la cultura naciente<\/em>, en los albores del siglo XVI. Fue una reformulaci\u00f3n filos\u00f3fica de la vieja idea de <em>persona<\/em> [<a href=\"#_ftn1\" id=\"_ftnref1\">[1]<\/a>] con la cual el mundo greco-romano se apoy\u00f3 en los aportes judeocristianos, en los siglos II y III de la era cristiana. <em>Se comprendi\u00f3, entonces, con mayor profundidad el fen\u00f3meno humano<\/em>.<\/p>\n\n\n\n<hr class=\"wp-block-separator has-alpha-channel-opacity\"\/>\n\n\n\n<p class=\"wp-block-paragraph\"><a id=\"_ftn1\" href=\"#_ftnref1\">[1]<\/a> Se puede consultar en la p\u00e1gina <a href=\"http:\/\/www.ricardovicentelopez.com.ar\">www.ricardovicentelopez.com.ar<\/a> \u2013 Secci\u00f3n Biblioteca &#8211; mi art\u00edculo <em>La importancia del concepto persona<\/em>.<\/p>\n\n\n\n<p class=\"wp-block-paragraph\">Seguir leyendo:<\/p>\n\n\n\n<figure class=\"wp-block-image size-full\"><a href=\"https:\/\/ricardovicentelopez.com.ar\/wp-content\/uploads\/2023\/09\/image-9.png\"><img loading=\"lazy\" decoding=\"async\" width=\"52\" height=\"42\" src=\"https:\/\/ricardovicentelopez.com.ar\/wp-content\/uploads\/2023\/09\/image-9.png\" alt=\"\" class=\"wp-image-86337\"\/><\/a><\/figure>\n\n\n\n<p class=\"wp-block-paragraph\"><a href=\"https:\/\/ricardovicentelopez.com.ar\/wp-content\/uploads\/2023\/09\/Del-hombre-comunitario-al-hombre-competitivo.pdf\">https:\/\/ricardovicentelopez.com.ar\/wp-content\/uploads\/2023\/09\/Del-hombre-comunitario-al-hombre-competitivo.pdf<\/a><\/p>\n","protected":false},"excerpt":{"rendered":"<p>La falacia del ego\u00edsmo originario Los prejuicios respecto del hombre originario condicionan lo que se piensa sobre el hombre de hoy Primeras palabras La salida de la Antig\u00fcedad, por la ca\u00edda del imperio romano de occidente, en el siglo IV, transit\u00f3 una primera etapa: el proceso de la transformaci\u00f3n de las tradiciones que hab\u00edan configurado, [&hellip;]<\/p>\n","protected":false},"author":1,"featured_media":0,"comment_status":"open","ping_status":"open","sticky":false,"template":"","format":"standard","meta":{"footnotes":""},"categories":[1],"tags":[],"class_list":["post-86335","post","type-post","status-publish","format-standard","hentry","category-sin-categoria"],"_links":{"self":[{"href":"https:\/\/ricardovicentelopez.com.ar\/index.php?rest_route=\/wp\/v2\/posts\/86335","targetHints":{"allow":["GET"]}}],"collection":[{"href":"https:\/\/ricardovicentelopez.com.ar\/index.php?rest_route=\/wp\/v2\/posts"}],"about":[{"href":"https:\/\/ricardovicentelopez.com.ar\/index.php?rest_route=\/wp\/v2\/types\/post"}],"author":[{"embeddable":true,"href":"https:\/\/ricardovicentelopez.com.ar\/index.php?rest_route=\/wp\/v2\/users\/1"}],"replies":[{"embeddable":true,"href":"https:\/\/ricardovicentelopez.com.ar\/index.php?rest_route=%2Fwp%2Fv2%2Fcomments&post=86335"}],"version-history":[{"count":1,"href":"https:\/\/ricardovicentelopez.com.ar\/index.php?rest_route=\/wp\/v2\/posts\/86335\/revisions"}],"predecessor-version":[{"id":86339,"href":"https:\/\/ricardovicentelopez.com.ar\/index.php?rest_route=\/wp\/v2\/posts\/86335\/revisions\/86339"}],"wp:attachment":[{"href":"https:\/\/ricardovicentelopez.com.ar\/index.php?rest_route=%2Fwp%2Fv2%2Fmedia&parent=86335"}],"wp:term":[{"taxonomy":"category","embeddable":true,"href":"https:\/\/ricardovicentelopez.com.ar\/index.php?rest_route=%2Fwp%2Fv2%2Fcategories&post=86335"},{"taxonomy":"post_tag","embeddable":true,"href":"https:\/\/ricardovicentelopez.com.ar\/index.php?rest_route=%2Fwp%2Fv2%2Ftags&post=86335"}],"curies":[{"name":"wp","href":"https:\/\/api.w.org\/{rel}","templated":true}]}}