{"id":86326,"date":"2023-09-06T15:11:42","date_gmt":"2023-09-06T15:11:42","guid":{"rendered":"https:\/\/ricardovicentelopez.com.ar\/?p=86326"},"modified":"2023-09-06T15:11:42","modified_gmt":"2023-09-06T15:11:42","slug":"ideologia-y-utopia","status":"publish","type":"post","link":"https:\/\/ricardovicentelopez.com.ar\/?p=86326","title":{"rendered":"IDEOLOG\u00cdA Y UTOP\u00cdA"},"content":{"rendered":"\n<p class=\"has-medium-font-size wp-block-paragraph\"><em><strong>La imaginaci\u00f3n de un mundo mejor<\/strong><\/em><\/p>\n\n\n\n<figure class=\"wp-block-image size-large\"><a href=\"https:\/\/ricardovicentelopez.com.ar\/wp-content\/uploads\/2023\/09\/image-4.png\"><img loading=\"lazy\" decoding=\"async\" width=\"1024\" height=\"566\" src=\"https:\/\/ricardovicentelopez.com.ar\/wp-content\/uploads\/2023\/09\/image-4-1024x566.png\" alt=\"\" class=\"wp-image-86327\" srcset=\"https:\/\/ricardovicentelopez.com.ar\/wp-content\/uploads\/2023\/09\/image-4-1024x566.png 1024w, https:\/\/ricardovicentelopez.com.ar\/wp-content\/uploads\/2023\/09\/image-4-300x166.png 300w, https:\/\/ricardovicentelopez.com.ar\/wp-content\/uploads\/2023\/09\/image-4-768x425.png 768w, https:\/\/ricardovicentelopez.com.ar\/wp-content\/uploads\/2023\/09\/image-4.png 1175w\" sizes=\"auto, (max-width: 1024px) 100vw, 1024px\" \/><\/a><\/figure>\n\n\n\n<p class=\"wp-block-paragraph\"><\/p>\n\n\n\n<p class=\"has-medium-font-size wp-block-paragraph\"><em>Reflexiones sobre las ideas que posibilitan o impiden pensar un futuro posible, m\u00e1s humano, digno y equitativo<\/em><\/p>\n\n\n\n<h2 class=\"wp-block-heading has-medium-font-size\">I.- <em>Palabras preliminares<\/em><\/h2>\n\n\n\n<p class=\"wp-block-paragraph\">El uso abusivo y despiadado del concepto ideolog\u00eda (el de utop\u00eda fue arrojado al cesto de los papeles por in\u00fatil), al que le hacen decir de todo (con solo tomar en cuenta los medios, porque ellos han introducido el vocablo en un quir\u00f3fano y ha padecido diversos tratamientos para rejuvenecerlo y ha quedado, como esas se\u00f1oras de edad avanzada a la que han estirado en todas direcciones que ya no es f\u00e1cil reconocerlas). Todo ello me ha obligado a tener que decir algo al respecto para acordar y proponer algunos significados posibles que nos permitan saber de qu\u00e9 estamos hablando.\u00a0\u00a0<\/p>\n\n\n\n<p class=\"wp-block-paragraph\">Seguir leyendo:<\/p>\n\n\n\n<figure class=\"wp-block-image size-full\"><a href=\"https:\/\/ricardovicentelopez.com.ar\/wp-content\/uploads\/2023\/09\/image-5.png\"><img loading=\"lazy\" decoding=\"async\" width=\"52\" height=\"42\" src=\"https:\/\/ricardovicentelopez.com.ar\/wp-content\/uploads\/2023\/09\/image-5.png\" alt=\"\" class=\"wp-image-86328\"\/><\/a><\/figure>\n\n\n\n<p class=\"wp-block-paragraph\"><a href=\"https:\/\/ricardovicentelopez.com.ar\/wp-content\/uploads\/2023\/09\/Ideologia-y-utopia-Ricardo-Vicente-Lopez.pdf\">https:\/\/ricardovicentelopez.com.ar\/wp-content\/uploads\/2023\/09\/Ideologia-y-utopia-Ricardo-Vicente-Lopez.pdf<\/a><\/p>\n","protected":false},"excerpt":{"rendered":"<p>La imaginaci\u00f3n de un mundo mejor Reflexiones sobre las ideas que posibilitan o impiden pensar un futuro posible, m\u00e1s humano, digno y equitativo I.- Palabras preliminares El uso abusivo y despiadado del concepto ideolog\u00eda (el de utop\u00eda fue arrojado al cesto de los papeles por in\u00fatil), al que le hacen decir de todo (con solo [&hellip;]<\/p>\n","protected":false},"author":1,"featured_media":0,"comment_status":"open","ping_status":"open","sticky":false,"template":"","format":"standard","meta":{"footnotes":""},"categories":[1],"tags":[],"class_list":["post-86326","post","type-post","status-publish","format-standard","hentry","category-sin-categoria"],"_links":{"self":[{"href":"https:\/\/ricardovicentelopez.com.ar\/index.php?rest_route=\/wp\/v2\/posts\/86326","targetHints":{"allow":["GET"]}}],"collection":[{"href":"https:\/\/ricardovicentelopez.com.ar\/index.php?rest_route=\/wp\/v2\/posts"}],"about":[{"href":"https:\/\/ricardovicentelopez.com.ar\/index.php?rest_route=\/wp\/v2\/types\/post"}],"author":[{"embeddable":true,"href":"https:\/\/ricardovicentelopez.com.ar\/index.php?rest_route=\/wp\/v2\/users\/1"}],"replies":[{"embeddable":true,"href":"https:\/\/ricardovicentelopez.com.ar\/index.php?rest_route=%2Fwp%2Fv2%2Fcomments&post=86326"}],"version-history":[{"count":1,"href":"https:\/\/ricardovicentelopez.com.ar\/index.php?rest_route=\/wp\/v2\/posts\/86326\/revisions"}],"predecessor-version":[{"id":86329,"href":"https:\/\/ricardovicentelopez.com.ar\/index.php?rest_route=\/wp\/v2\/posts\/86326\/revisions\/86329"}],"wp:attachment":[{"href":"https:\/\/ricardovicentelopez.com.ar\/index.php?rest_route=%2Fwp%2Fv2%2Fmedia&parent=86326"}],"wp:term":[{"taxonomy":"category","embeddable":true,"href":"https:\/\/ricardovicentelopez.com.ar\/index.php?rest_route=%2Fwp%2Fv2%2Fcategories&post=86326"},{"taxonomy":"post_tag","embeddable":true,"href":"https:\/\/ricardovicentelopez.com.ar\/index.php?rest_route=%2Fwp%2Fv2%2Ftags&post=86326"}],"curies":[{"name":"wp","href":"https:\/\/api.w.org\/{rel}","templated":true}]}}