{"id":86314,"date":"2023-09-05T13:50:27","date_gmt":"2023-09-05T13:50:27","guid":{"rendered":"https:\/\/ricardovicentelopez.com.ar\/?p=86314"},"modified":"2023-09-05T13:50:28","modified_gmt":"2023-09-05T13:50:28","slug":"reflexiones-sobre-el-problema-de-la-persona-en-occidente","status":"publish","type":"post","link":"https:\/\/ricardovicentelopez.com.ar\/?p=86314","title":{"rendered":"REFLEXIONES SOBRE EL PROBLEMA DE LA PERSONA EN OCCIDENTE"},"content":{"rendered":"\n<figure class=\"wp-block-image size-full\"><a href=\"https:\/\/ricardovicentelopez.com.ar\/wp-content\/uploads\/2023\/09\/image.png\"><img loading=\"lazy\" decoding=\"async\" width=\"911\" height=\"410\" src=\"https:\/\/ricardovicentelopez.com.ar\/wp-content\/uploads\/2023\/09\/image.png\" alt=\"\" class=\"wp-image-86315\" srcset=\"https:\/\/ricardovicentelopez.com.ar\/wp-content\/uploads\/2023\/09\/image.png 911w, https:\/\/ricardovicentelopez.com.ar\/wp-content\/uploads\/2023\/09\/image-300x135.png 300w, https:\/\/ricardovicentelopez.com.ar\/wp-content\/uploads\/2023\/09\/image-768x346.png 768w\" sizes=\"auto, (max-width: 911px) 100vw, 911px\" \/><\/a><\/figure>\n\n\n\n<p class=\"wp-block-paragraph\"><\/p>\n\n\n\n<p class=\"has-medium-font-size wp-block-paragraph\"><strong><em>Aproximaciones desde una antropolog\u00eda judeo-cristiana<\/em><\/strong><\/p>\n\n\n\n<p class=\"wp-block-paragraph\"><em>Parte Primera \u2013 Algunas aclaraciones<\/em><\/p>\n\n\n\n<p class=\"wp-block-paragraph\">Para poder pensar estos temas con la mirada colocada en la centralidad del hombre, superando la modalidad cient\u00edfico-t\u00e9cnica, dado el prestigio desmesurado de este tipo del saber, dado el peso que tienen esas ideas imperantes en estos \u00faltimos siglos, me parece un camino que nos ayudar\u00e1 a superar un obst\u00e1culo actual para <em>la realizaci\u00f3n integral del hombre<\/em>. Esto exige el logro de una adecuada reflexi\u00f3n que respete la unicidad del hombre y su dignidad. Considerando este planteo como una base central \u00e9tica, que deber\u00e1 iluminar el tratamiento antes se\u00f1alado. Como as\u00ed, tambi\u00e9n, abrir caminos posibles para el correcto desarrollo de esta tem\u00e1tica. Es decir, un intento que deber\u00e1 permitir despejar el abordaje y la propuesta de <em>un mundo m\u00e1s humano<\/em>. Tambi\u00e9n se conserva en este nuevo trabajo, y se reafirma, el compromiso que exige la pertenencia y la vocaci\u00f3n cristiana latinoamericana; ahora presentar\u00e9 una renovada reflexi\u00f3n.<\/p>\n\n\n\n<p class=\"wp-block-paragraph\">Seguir leyendo:<\/p>\n\n\n\n<figure class=\"wp-block-image size-full\"><a href=\"https:\/\/ricardovicentelopez.com.ar\/wp-content\/uploads\/2023\/09\/image-1.png\"><img loading=\"lazy\" decoding=\"async\" width=\"52\" height=\"42\" src=\"https:\/\/ricardovicentelopez.com.ar\/wp-content\/uploads\/2023\/09\/image-1.png\" alt=\"\" class=\"wp-image-86316\"\/><\/a><\/figure>\n\n\n\n<p class=\"wp-block-paragraph\"><a href=\"https:\/\/ricardovicentelopez.com.ar\/wp-content\/uploads\/2023\/09\/Reflexiones-sobre-el-problema-de-la-persona-en-Occidente.pdf\">https:\/\/ricardovicentelopez.com.ar\/wp-content\/uploads\/2023\/09\/Reflexiones-sobre-el-problema-de-la-persona-en-Occidente.pdf<\/a><\/p>\n","protected":false},"excerpt":{"rendered":"<p>Aproximaciones desde una antropolog\u00eda judeo-cristiana Parte Primera \u2013 Algunas aclaraciones Para poder pensar estos temas con la mirada colocada en la centralidad del hombre, superando la modalidad cient\u00edfico-t\u00e9cnica, dado el prestigio desmesurado de este tipo del saber, dado el peso que tienen esas ideas imperantes en estos \u00faltimos siglos, me parece un camino que nos [&hellip;]<\/p>\n","protected":false},"author":1,"featured_media":0,"comment_status":"open","ping_status":"open","sticky":false,"template":"","format":"standard","meta":{"footnotes":""},"categories":[1],"tags":[],"class_list":["post-86314","post","type-post","status-publish","format-standard","hentry","category-sin-categoria"],"_links":{"self":[{"href":"https:\/\/ricardovicentelopez.com.ar\/index.php?rest_route=\/wp\/v2\/posts\/86314","targetHints":{"allow":["GET"]}}],"collection":[{"href":"https:\/\/ricardovicentelopez.com.ar\/index.php?rest_route=\/wp\/v2\/posts"}],"about":[{"href":"https:\/\/ricardovicentelopez.com.ar\/index.php?rest_route=\/wp\/v2\/types\/post"}],"author":[{"embeddable":true,"href":"https:\/\/ricardovicentelopez.com.ar\/index.php?rest_route=\/wp\/v2\/users\/1"}],"replies":[{"embeddable":true,"href":"https:\/\/ricardovicentelopez.com.ar\/index.php?rest_route=%2Fwp%2Fv2%2Fcomments&post=86314"}],"version-history":[{"count":1,"href":"https:\/\/ricardovicentelopez.com.ar\/index.php?rest_route=\/wp\/v2\/posts\/86314\/revisions"}],"predecessor-version":[{"id":86318,"href":"https:\/\/ricardovicentelopez.com.ar\/index.php?rest_route=\/wp\/v2\/posts\/86314\/revisions\/86318"}],"wp:attachment":[{"href":"https:\/\/ricardovicentelopez.com.ar\/index.php?rest_route=%2Fwp%2Fv2%2Fmedia&parent=86314"}],"wp:term":[{"taxonomy":"category","embeddable":true,"href":"https:\/\/ricardovicentelopez.com.ar\/index.php?rest_route=%2Fwp%2Fv2%2Fcategories&post=86314"},{"taxonomy":"post_tag","embeddable":true,"href":"https:\/\/ricardovicentelopez.com.ar\/index.php?rest_route=%2Fwp%2Fv2%2Ftags&post=86314"}],"curies":[{"name":"wp","href":"https:\/\/api.w.org\/{rel}","templated":true}]}}