{"id":85645,"date":"2020-09-01T14:37:25","date_gmt":"2020-09-01T14:37:25","guid":{"rendered":"http:\/\/ricardovicentelopez.com.ar\/?p=85645"},"modified":"2020-09-01T14:37:26","modified_gmt":"2020-09-01T14:37:26","slug":"modernidad-y-espiritualidad","status":"publish","type":"post","link":"https:\/\/ricardovicentelopez.com.ar\/?p=85645","title":{"rendered":"MODERNIDAD Y ESPIRITUALIDAD"},"content":{"rendered":"\n<p class=\"wp-block-paragraph\">NUEVA COLUMNA &#8211; NUEVOS ART\u00cdCULOS<\/p>\n\n\n\n<p class=\"wp-block-paragraph\"><strong>La percepci\u00f3n o la intuici\u00f3n de que el hombre de hoy se mantiene alejado de la lectura de &nbsp;temas que plantean, directa o indirectamente, problemas lindantes con la espiritualidad, sin entenderse esto en clave teol\u00f3gica o religiosa, me empujaron a ofrecer algunas reflexiones sobre el tema. \u00c9ste aparece una y otra vez en las conversaciones cotidianas, en la prensa y hasta en las casas de estudio. Su olvido, o su malversaci\u00f3n, ensanchan un vac\u00edo que angustia a una parte considerable de las personas que, en una proporci\u00f3n importante de ellas, ignora el mal que las aqueja y de los or\u00edgenes de ese malestar.<\/strong><\/p>\n\n\n\n<figure class=\"wp-block-image\"><img loading=\"lazy\" decoding=\"async\" width=\"488\" height=\"253\" src=\"https:\/\/ricardovicentelopez.com.ar\/wp-content\/uploads\/2020\/09\/image.png\" alt=\"\" class=\"wp-image-85647\" srcset=\"https:\/\/ricardovicentelopez.com.ar\/wp-content\/uploads\/2020\/09\/image.png 488w, https:\/\/ricardovicentelopez.com.ar\/wp-content\/uploads\/2020\/09\/image-300x156.png 300w\" sizes=\"auto, (max-width: 488px) 100vw, 488px\" \/><\/figure>\n","protected":false},"excerpt":{"rendered":"<p>NUEVA COLUMNA &#8211; NUEVOS ART\u00cdCULOS La percepci\u00f3n o la intuici\u00f3n de que el hombre de hoy se mantiene alejado de la lectura de &nbsp;temas que plantean, directa o indirectamente, problemas lindantes con la espiritualidad, sin entenderse esto en clave teol\u00f3gica o religiosa, me empujaron a ofrecer algunas reflexiones sobre el tema. \u00c9ste aparece una y [&hellip;]<\/p>\n","protected":false},"author":1,"featured_media":0,"comment_status":"open","ping_status":"open","sticky":false,"template":"","format":"standard","meta":{"footnotes":""},"categories":[1],"tags":[],"class_list":["post-85645","post","type-post","status-publish","format-standard","hentry","category-sin-categoria"],"_links":{"self":[{"href":"https:\/\/ricardovicentelopez.com.ar\/index.php?rest_route=\/wp\/v2\/posts\/85645","targetHints":{"allow":["GET"]}}],"collection":[{"href":"https:\/\/ricardovicentelopez.com.ar\/index.php?rest_route=\/wp\/v2\/posts"}],"about":[{"href":"https:\/\/ricardovicentelopez.com.ar\/index.php?rest_route=\/wp\/v2\/types\/post"}],"author":[{"embeddable":true,"href":"https:\/\/ricardovicentelopez.com.ar\/index.php?rest_route=\/wp\/v2\/users\/1"}],"replies":[{"embeddable":true,"href":"https:\/\/ricardovicentelopez.com.ar\/index.php?rest_route=%2Fwp%2Fv2%2Fcomments&post=85645"}],"version-history":[{"count":1,"href":"https:\/\/ricardovicentelopez.com.ar\/index.php?rest_route=\/wp\/v2\/posts\/85645\/revisions"}],"predecessor-version":[{"id":85648,"href":"https:\/\/ricardovicentelopez.com.ar\/index.php?rest_route=\/wp\/v2\/posts\/85645\/revisions\/85648"}],"wp:attachment":[{"href":"https:\/\/ricardovicentelopez.com.ar\/index.php?rest_route=%2Fwp%2Fv2%2Fmedia&parent=85645"}],"wp:term":[{"taxonomy":"category","embeddable":true,"href":"https:\/\/ricardovicentelopez.com.ar\/index.php?rest_route=%2Fwp%2Fv2%2Fcategories&post=85645"},{"taxonomy":"post_tag","embeddable":true,"href":"https:\/\/ricardovicentelopez.com.ar\/index.php?rest_route=%2Fwp%2Fv2%2Ftags&post=85645"}],"curies":[{"name":"wp","href":"https:\/\/api.w.org\/{rel}","templated":true}]}}