{"id":749,"date":"2007-05-26T12:23:00","date_gmt":"2007-05-26T12:23:00","guid":{"rendered":"http:\/\/ricardovicentelopez.com.ar\/?p=749"},"modified":"2015-03-21T15:21:33","modified_gmt":"2015-03-21T15:21:33","slug":"la-patria-quiere-ser-nacion","status":"publish","type":"post","link":"https:\/\/ricardovicentelopez.com.ar\/?p=749","title":{"rendered":"La Patria quiere ser Naci\u00f3n"},"content":{"rendered":"<p>Necesitamos sacudir nuestro esp\u00edritu nacional en esta semana maya. No hace tanto tiempo corr\u00eda una  advertencia ante el peligro en que se encontraba nuestra Naci\u00f3n. Esto iba acompa\u00f1ado de denuncias sobre la gama de problemas que nos embargaban, problemas que de alg\u00fan modo todos conocemos, pero que sorprende a la mirada del extranjero la impasividad con que los padecemos y sobrellevamos. Pareciera que el s\u00f3lo verlos no alcanza para que sintamos la imperiosa necesidad de hacer o\u00edr nuestra palabra, la de todos, y comprometernos en las propuestas y acciones necesarias que deben seguir a las denuncias.<br \/> Pareciera que el dolor de tanta sangre vertida in\u00fatilmente en nuestra historia, pasada y presente, no basta. Digo sangre y no debe leerse en clave blumberiana. Todos los d\u00edas, todav\u00eda, se producen muertes evitables, se siguen desnutriendo ni\u00f1os, siguen abandonando el colegio, etc. Debemos abrir los ojos a tiempo: una sorda guerra se est\u00e1 librando en nuestras calles, la peor de todas, la de los enemigos que conviven entre nosotros y no se ven. Los que lucran con la decadencia, aunque se llenen la boca con grandes palabras.<br \/>Nos encontramos ante una oportunidad hist\u00f3rica, como no se hab\u00eda dado en los \u00faltimos treinta a\u00f1os. Estamos ante la posibilidad de refundar nuestro v\u00ednculo social, de reconstruir los lazos fraternales. Es posible que todo esto pueda sonar a delirio rom\u00e1ntico, pero creo que si no modificamos el modo de pensar, si no nos alejamos de la necesidad de soluciones inmediatistas, si no levantamos la mirada hacia un horizonte m\u00e1s lejano, poco es lo que podemos esperar de nuestra Argentina. Digo nuestra porque no es de los dirigentes pol\u00edticos, empresariales, sindicales, eclesi\u00e1sticos, etc. Es nuestra. Como reza una frase de moda hoy: \u201cArgentina somos todos\u201d. No importa con que intenci\u00f3n la pongan, hag\u00e1mosla nuestra, de todos.  <br \/>La gran dificultad que debemos enfrentar es la renuncia a querer tener toda la raz\u00f3n; a mantener las privilegios; a la vida y la renta f\u00e1cil,&#8230; con el grave riesgo de seguir tinelliz\u00e1ndonos. Se percibe en nuestra patria una sensaci\u00f3n de hartazgo, por una parte, y de esperanza, por otra. Hoy la consigna ya no puede ser \u201cel pueblo quiere saber de que se trata\u201d, hoy debemos reclamar la participaci\u00f3n en la cosa p\u00fablica y definir lo que se debe tratar. La conmemoraci\u00f3n de aquel 25 de Mayo, es una oportunidad m\u00e1s de memorar con los otros, partiendo de las cosas pendientes que todav\u00eda no solucionamos y agregando las que el tiempo fue acumulando. El presidente nos recuerda que \u201ctodav\u00eda estamos en el infierno\u201d. Lo que debemos decirnos, los unos a los otros, que del \u201cinfierno\u201d no nos sacan \u201clos dem\u00e1s\u201d. Tal vez ellos puedan salir, y no hay duda de que muchos sal\u00edan mientras nos met\u00edan a todos dentro. De all\u00ed se sale tomados de la mano con el prop\u00f3sito de construir una naci\u00f3n que contenga a todo su pueblo.<br \/>La esperanza sigue estando al alcance de nuestras manos, porque sobran energ\u00edas y voluntades dispuestas a un sacrificio m\u00e1s, pero al servicio de recuperar la felicidad perdida y los derechos abandonados en el camino, bajo los argumentos falaces de que \u00abatraer\u00eda los inversores\u00bb, que generar\u00edan trabajo. Y la confianza se fortalece al recordar que la historia nos ense\u00f1a que muchos pueblos que tocaron fondo, al que nosotros no llegamos, se levantaron de sus ruinas y abandonaron sus mezquindades. Esto no se logra en plazos inmediatos, pero podemos ponernos en camino. Hay que dar lugar al tiempo y a la constancia organizativa y creadora, y dedicarnos a la acci\u00f3n firme y perseverante. No todo est\u00e1 perdido, pero no nos sobra el tiempo. No queda lugar para demoras ni dilaciones. La patria nos convoca a convertirnos en una Naci\u00f3n. Pongamos como meta el bicentenario para celebrar todos juntos un paso hacia delante, para todos y entre todos.<\/p>\n","protected":false},"excerpt":{"rendered":"<p>Necesitamos sacudir nuestro esp\u00edritu nacional en esta semana maya. No hace tanto tiempo corr\u00eda una advertencia ante el peligro en que se encontraba nuestra Naci\u00f3n. Esto iba acompa\u00f1ado de denuncias sobre la gama de problemas que nos embargaban, problemas que de alg\u00fan modo todos conocemos, pero que sorprende a la mirada del extranjero la impasividad [&hellip;]<\/p>\n","protected":false},"author":1,"featured_media":0,"comment_status":"open","ping_status":"open","sticky":false,"template":"","format":"standard","meta":{"footnotes":""},"categories":[1],"tags":[],"class_list":["post-749","post","type-post","status-publish","format-standard","hentry","category-sin-categoria"],"_links":{"self":[{"href":"https:\/\/ricardovicentelopez.com.ar\/index.php?rest_route=\/wp\/v2\/posts\/749","targetHints":{"allow":["GET"]}}],"collection":[{"href":"https:\/\/ricardovicentelopez.com.ar\/index.php?rest_route=\/wp\/v2\/posts"}],"about":[{"href":"https:\/\/ricardovicentelopez.com.ar\/index.php?rest_route=\/wp\/v2\/types\/post"}],"author":[{"embeddable":true,"href":"https:\/\/ricardovicentelopez.com.ar\/index.php?rest_route=\/wp\/v2\/users\/1"}],"replies":[{"embeddable":true,"href":"https:\/\/ricardovicentelopez.com.ar\/index.php?rest_route=%2Fwp%2Fv2%2Fcomments&post=749"}],"version-history":[{"count":0,"href":"https:\/\/ricardovicentelopez.com.ar\/index.php?rest_route=\/wp\/v2\/posts\/749\/revisions"}],"wp:attachment":[{"href":"https:\/\/ricardovicentelopez.com.ar\/index.php?rest_route=%2Fwp%2Fv2%2Fmedia&parent=749"}],"wp:term":[{"taxonomy":"category","embeddable":true,"href":"https:\/\/ricardovicentelopez.com.ar\/index.php?rest_route=%2Fwp%2Fv2%2Fcategories&post=749"},{"taxonomy":"post_tag","embeddable":true,"href":"https:\/\/ricardovicentelopez.com.ar\/index.php?rest_route=%2Fwp%2Fv2%2Ftags&post=749"}],"curies":[{"name":"wp","href":"https:\/\/api.w.org\/{rel}","templated":true}]}}