{"id":744,"date":"2007-06-04T17:47:00","date_gmt":"2007-06-04T17:47:00","guid":{"rendered":"http:\/\/ricardovicentelopez.com.ar\/?p=744"},"modified":"2015-03-21T15:21:32","modified_gmt":"2015-03-21T15:21:32","slug":"la-democracia-que-supimos-conseguir","status":"publish","type":"post","link":"https:\/\/ricardovicentelopez.com.ar\/?p=744","title":{"rendered":"La democracia que supimos conseguir"},"content":{"rendered":"<p>La inteligencia y la viveza parecen ser las cualidades mejor distribuidas entre los humanos. Es muy dif\u00edcil o\u00edr a alguien que diga de s\u00ed mismo \u201cyo soy un tonto\u201d o diga \u201cyo no soy inteligente\u201d. De lo cual se deduce f\u00e1cilmente que todos estamos m\u00e1s o menos conformes con la cuota que nos ha tocado. Es cierto que algunas veces se escapa alguna queja como \u201cme hubiera gustado tener la inteligencia de Fulano\u201d o \u201chay algunos que son muchos m\u00e1s vivos que yo\u201d. (\u2026me qued\u00e9 pensando que me cuesta ubicarme dentro de ese espectro). Pero salvo las excepciones mencionadas, podemos acordar que ha sido una distribuci\u00f3n bastante equitativa. <br \/>Pues bien, si de gente inteligente se trata es de democracia de lo que quer\u00eda hablar. Y me siento motivado ante la lectura de los inteligentes resultados porte\u00f1os. \u00a1Un verdadero triunfo de la democracia! Esto fue lo que o\u00ed en boca de m\u00e1s de uno. Por supuesto, todos los que fueron a votar son dem\u00f3cratas y votaron por dem\u00f3cratas\u2026 \u00bftodos? S\u00ed todos. Es excepcional\u00edsimo que alguien se manifieste como antidemocr\u00e1tico, por ello todos estamos por la democracia. Recuerdo que hace unos treinta a\u00f1os se tom\u00f3 el poder para \u201crestaurar la democracia\u201d. De lo que deduzco que en la Argentina \u201ctodos somos democracia\u201d. Bien, pero \u00bfqu\u00e9 es  la democracia? Aqu\u00ed comienza el problema. Podemos hacer una investigaci\u00f3n.<br \/>Los que est\u00e1n conformes con el estado actual porque les es muy confortable, podemos llamarlos los mercaderes de la democracia, no porque est\u00e9 mal sino por una clasificaci\u00f3n ideol\u00f3gica. Son los que est\u00e1n convencidos de que el mercado es el centro neur\u00e1lgico de la vida social y que todo lo que vale la pena pasa por \u00e9l. Equivale a decir, que \u201ctodo se compra y se vende\u201d, y adhieren y repiten las amargas palabras del profeta de los cafetines \u201cno hay ninguna verdad que se resista ante dos mangos moneda nacional. (Debemos acordar, por fidelidad al profeta, que no lo entendieron). Son los educados por el marketing, que sostienen que importa poco la verdad, lo importante es poder vender. Las ofertas pol\u00edticas se parecen al Walt-Mart.<br \/>\u00a1Cuidado!, no va a faltar aquel mal pensado que me diga por lo bajo \u201cya s\u00e9, est\u00e1s pensando en Macri\u201d. \u00a1No se\u00f1or, Don Mauricio me merece el mayor de los respetos! \u00c9l no miente, si bien es cierto que vende lo hace con total honestidad. Dijo que se propon\u00eda \u201celiminar\u201d a todos los cartoneros y as\u00ed lo va  hacer. Es amigos de los amigos y es muy sensible con los pobres, a tal punto que no se acerca a ellos porque no soporta el dolor ajeno. Tiene una estrecha amistad con Blumberg y no lo oculta, hasta puede nombrarlo su Secretario de Seguridad. Fue, hasta hace poco amigo de Sosbich. (Nunca supe por qu\u00e9 se separaron, pero no es de extra\u00f1ar en estas \u00e9pocas de relaciones transitorias. Pero ahora que result\u00f3 ser otro \u201cganador\u201d\u2026). Es un empresario exitoso, declar\u00f3, creo, 25 millones de d\u00f3lares de patrimonio, (no s\u00e9 si dijo c\u00f3mo los consigui\u00f3). Propone barrer bien las calles y mejorar el transporte, le es f\u00e1cil: levanta el tel\u00e9fono y le dice a pap\u00e1 Macri que lo haga bien. \u00bfQui\u00e9n mejor que un padre para ayudar a su hijo? <br \/>Por lo tanto, por fin un dem\u00f3crata de verdad triunfa en Buenos Aires. Siempre y cuando no aparezca uno de eso advenedizos que le quiera escupir el asado.<\/p>\n","protected":false},"excerpt":{"rendered":"<p>La inteligencia y la viveza parecen ser las cualidades mejor distribuidas entre los humanos. Es muy dif\u00edcil o\u00edr a alguien que diga de s\u00ed mismo \u201cyo soy un tonto\u201d o diga \u201cyo no soy inteligente\u201d. De lo cual se deduce f\u00e1cilmente que todos estamos m\u00e1s o menos conformes con la cuota que nos ha tocado. [&hellip;]<\/p>\n","protected":false},"author":1,"featured_media":0,"comment_status":"open","ping_status":"open","sticky":false,"template":"","format":"standard","meta":{"footnotes":""},"categories":[1],"tags":[],"class_list":["post-744","post","type-post","status-publish","format-standard","hentry","category-sin-categoria"],"_links":{"self":[{"href":"https:\/\/ricardovicentelopez.com.ar\/index.php?rest_route=\/wp\/v2\/posts\/744","targetHints":{"allow":["GET"]}}],"collection":[{"href":"https:\/\/ricardovicentelopez.com.ar\/index.php?rest_route=\/wp\/v2\/posts"}],"about":[{"href":"https:\/\/ricardovicentelopez.com.ar\/index.php?rest_route=\/wp\/v2\/types\/post"}],"author":[{"embeddable":true,"href":"https:\/\/ricardovicentelopez.com.ar\/index.php?rest_route=\/wp\/v2\/users\/1"}],"replies":[{"embeddable":true,"href":"https:\/\/ricardovicentelopez.com.ar\/index.php?rest_route=%2Fwp%2Fv2%2Fcomments&post=744"}],"version-history":[{"count":0,"href":"https:\/\/ricardovicentelopez.com.ar\/index.php?rest_route=\/wp\/v2\/posts\/744\/revisions"}],"wp:attachment":[{"href":"https:\/\/ricardovicentelopez.com.ar\/index.php?rest_route=%2Fwp%2Fv2%2Fmedia&parent=744"}],"wp:term":[{"taxonomy":"category","embeddable":true,"href":"https:\/\/ricardovicentelopez.com.ar\/index.php?rest_route=%2Fwp%2Fv2%2Fcategories&post=744"},{"taxonomy":"post_tag","embeddable":true,"href":"https:\/\/ricardovicentelopez.com.ar\/index.php?rest_route=%2Fwp%2Fv2%2Ftags&post=744"}],"curies":[{"name":"wp","href":"https:\/\/api.w.org\/{rel}","templated":true}]}}