{"id":743,"date":"2007-06-04T21:19:00","date_gmt":"2007-06-04T21:19:00","guid":{"rendered":"http:\/\/ricardovicentelopez.com.ar\/?p=743"},"modified":"2015-03-21T15:21:32","modified_gmt":"2015-03-21T15:21:32","slug":"reflexiones-sobre-estos-tiempos-politicos","status":"publish","type":"post","link":"https:\/\/ricardovicentelopez.com.ar\/?p=743","title":{"rendered":"Reflexiones sobre estos tiempos pol\u00edticos"},"content":{"rendered":"<p>Hace no mucho tiempo habl\u00e9 de los que hemos pegado la curva de la vida, doblado el codo dicen los muchachos del turf, y hemos encarado la recta final. Esto tiene, sin lugar a dudas, sus desventajas, m\u00e1s hoy con tanto juvenilismo, Pero tiene sus ventajas, que debemos rescatar para reivindicar nuestra condici\u00f3n de veteranos (que viene del lat\u00edn viejo, pero que suena menos agresiva). El haber vivido bastante pasa hoy por ser una especie de desgracia natural. No digo un cataclismo, pero tal vez un viento muy fuerte que desbasta muchas cosas a su paso. Sin embargo, mirado desde otra \u00f3ptica otorga alguna sabidur\u00eda (virtud en desuso en estos tiempos en que los\/as veteranos\/as hacen esfuerzos denodados para emular a los j\u00f3venes). Probablemente, por ello los j\u00f3venes nos miran con cierto desprecio, parecido al que le dedican a un mueble viejo o u un disco de pasta de tangos. Pensar que en las sociedades tradicionales se los colocaba en un Consejo de Ancianos para consultarlos sobre c\u00f3mo resolver alg\u00fan problema, (hoy a los ancianos no les  piden consejos, se los dan: morite pronto).<br \/>Dec\u00eda, entonces, que tratando de encontrarle alguna ventaja a esta etapa de la vida me detuve a observar las campa\u00f1as electorales en curso. Antes era suficiente escuchar o leer las plataformas de los diferentes partidos pol\u00edticos para saber que propon\u00edan y decidir cu\u00e1l nos convenc\u00eda m\u00e1s. Eran tiempos en que los partidos pol\u00edticos eran instituciones respetables y ser dirigente pol\u00edtico daba porte de persona seria, ilustrada y de bien. Comprender\u00e1n las sensaciones y sentimientos que a uno lo embargan al intentar hacer alguna comparaci\u00f3n. Los grandes debates ideol\u00f3gicos que los enfrentaba, los an\u00e1lisis de las propuestas pol\u00edticas, el conocimiento que se ten\u00eda sobre la trayectoria moral de los candidatos. (Casi se me escapa el \u201c\u00a1qu\u00e9 tiempos aquellos!\u201d, pero me reprim\u00ed). Con s\u00f3lo mirar los cuadros que hay (o debe haber) en el Congreso o en la Casa Rosada uno entiende de inmediato que est\u00e1n diciendo \u201cnosotros \u00e9ramos gente seria\u201d (al menos re\u00edan poco).<br \/>Recuerdo que mi padre recib\u00eda el Diario de Sesiones de las C\u00e1maras de Diputados y Senadores y le\u00eda los discursos de aquellos dirigentes que eran grandes oradores: Lugones, Palacio, de la Torre, Balb\u00edn, Frondizi, etc. Y me repet\u00eda alguna frase elocuente y bien construida, alguna met\u00e1fora profunda, alguna referencia po\u00e9tica, etc., mientras me miraba dando a entender que deb\u00eda tomarlos de ejemplo. Ambas c\u00e1maras estaban integradas por personas de grandes ideales, patriotas, o as\u00ed lo cre\u00edamos y, para aquellos tiempos eso era bastante.<br \/>Yo me debato hoy en una tiniebla de dudas. Observo lo que ocurre ante mis ojos, me detengo a o\u00edr a nuestros dirigentes, trato de descubrir cu\u00e1les son las ideas que sostienen sus postulaciones, comprender a qu\u00e9 partido pertenecen, qu\u00e9 trayectoria tienen en esos partidos, y es muy poco lo que puedo sacar en limpio. No quiero caer en la actitud de un viejo melanc\u00f3lico que critica todo porque nada lo complace. Quiero vivir acorde a estos tiempos, entender el mundo que nos ha tocado, ser parte de \u00e9l. Pero, por favor, les ruego que me entiendan: no puedo, necesito ayuda. Pero no se preocupen, me voy a dormir y ma\u00f1ana estar\u00e9 mejor.<\/p>\n","protected":false},"excerpt":{"rendered":"<p>Hace no mucho tiempo habl\u00e9 de los que hemos pegado la curva de la vida, doblado el codo dicen los muchachos del turf, y hemos encarado la recta final. Esto tiene, sin lugar a dudas, sus desventajas, m\u00e1s hoy con tanto juvenilismo, Pero tiene sus ventajas, que debemos rescatar para reivindicar nuestra condici\u00f3n de veteranos [&hellip;]<\/p>\n","protected":false},"author":1,"featured_media":0,"comment_status":"open","ping_status":"open","sticky":false,"template":"","format":"standard","meta":{"footnotes":""},"categories":[1],"tags":[],"class_list":["post-743","post","type-post","status-publish","format-standard","hentry","category-sin-categoria"],"_links":{"self":[{"href":"https:\/\/ricardovicentelopez.com.ar\/index.php?rest_route=\/wp\/v2\/posts\/743","targetHints":{"allow":["GET"]}}],"collection":[{"href":"https:\/\/ricardovicentelopez.com.ar\/index.php?rest_route=\/wp\/v2\/posts"}],"about":[{"href":"https:\/\/ricardovicentelopez.com.ar\/index.php?rest_route=\/wp\/v2\/types\/post"}],"author":[{"embeddable":true,"href":"https:\/\/ricardovicentelopez.com.ar\/index.php?rest_route=\/wp\/v2\/users\/1"}],"replies":[{"embeddable":true,"href":"https:\/\/ricardovicentelopez.com.ar\/index.php?rest_route=%2Fwp%2Fv2%2Fcomments&post=743"}],"version-history":[{"count":0,"href":"https:\/\/ricardovicentelopez.com.ar\/index.php?rest_route=\/wp\/v2\/posts\/743\/revisions"}],"wp:attachment":[{"href":"https:\/\/ricardovicentelopez.com.ar\/index.php?rest_route=%2Fwp%2Fv2%2Fmedia&parent=743"}],"wp:term":[{"taxonomy":"category","embeddable":true,"href":"https:\/\/ricardovicentelopez.com.ar\/index.php?rest_route=%2Fwp%2Fv2%2Fcategories&post=743"},{"taxonomy":"post_tag","embeddable":true,"href":"https:\/\/ricardovicentelopez.com.ar\/index.php?rest_route=%2Fwp%2Fv2%2Ftags&post=743"}],"curies":[{"name":"wp","href":"https:\/\/api.w.org\/{rel}","templated":true}]}}