{"id":742,"date":"2007-06-06T18:31:00","date_gmt":"2007-06-06T18:31:00","guid":{"rendered":"http:\/\/ricardovicentelopez.com.ar\/?p=742"},"modified":"2015-03-21T15:21:32","modified_gmt":"2015-03-21T15:21:32","slug":"la-relatividad-de-la-politica-o-la-politicidad-de-lo-relativo","status":"publish","type":"post","link":"https:\/\/ricardovicentelopez.com.ar\/?p=742","title":{"rendered":"La relatividad de la pol\u00edtica o la politicidad de lo relativo"},"content":{"rendered":"<p>Las ideas de cada \u00e9poca han sido siempre el resultado de una larga y dura batalla para imponerse. Desde S\u00f3crates para ac\u00e1, pasando por el de Nazaret, Juana de Arco, Galileo, Marx, Einstein, Menem (T\u00e1chese lo que no corresponda) etc., todos ellos fueron parias incomprendidos en vida, y muchos pagaron muy caro su osad\u00eda de contradecir las ideas imperantes. Por ello habr\u00e1 sido que el de la Palestina dijo \u201cnadie es profeta en su tierra\u201d. El caso de Einstein me llevado a algunas reflexiones que quiero compartir con Uds. <br \/>Despu\u00e9s de mucho pensar y de llenar de cuentas cuanto cuaderno le pon\u00edan enfrente se atrevi\u00f3 a contradecir a Newton, y si no lo contradijo en algo no estuvo de acuerdo. De all\u00ed sac\u00f3 esa disparatada idea de la relatividad por la cual anunci\u00f3 que el tiempo modifica la distancia, o la distancia achica el tiempo, o algo parecido. Esto dio lugar a que a alg\u00fan rom\u00e1ntico se le ocurriera sostener que \u201cdicen que la distancia es el olvido\u201d. Pero en una muestra m\u00e1s de lo dif\u00edcil que es modificar las ideas de la gente agreg\u00f3 de inmediato \u201cpero yo no concibo esa raz\u00f3n\u201d. Testarudo, como muchos otros. De all\u00ed en adelante, pero mucho tiempo despu\u00e9s, la gente comenz\u00f3 a reconocer la verdad de lo que el sabio hab\u00eda sostenido, aunque no se comprendiera bien de qu\u00e9 se trataba. Y el lenguaje cotidiano incorpor\u00f3 la famosa frase \u201ctodo es relativo\u201d. De ah\u00ed en m\u00e1s, cuando no se ten\u00eda argumentos suficientes para rebatir alguna afirmaci\u00f3n en medio de un debate, aparec\u00eda la frase salvadora. No se dec\u00eda nada, pero sonaba a profundo.<br \/>As\u00ed las cosas, con esto de que la relatividad era el camino para entender el mundo real, ya ni en el tiempo ni en las distancias se pudo creer porque la velocidad de la luz modificaba todo. Le dieron la raz\u00f3n a nuestro m\u00e1ximo profeta de los cafetines, si todo es relativo, entonces: \u201cver\u00e1s que todo es mentira, ver\u00e1s que nada es amor\u201d. De lo cual yo saco la siguiente conclusi\u00f3n: si todo es relativo lo es tambi\u00e9n el espacio,  donde est\u00e9s depende de donde est\u00e1 el otro. De este modo somos occidentales porque miramos el mapa con el Atl\u00e1ntico en el centro, por culpa de la ignorancia de Mercator. Si hubiera colocado el Pac\u00edfico en el centro ser\u00edamos orientales.<br \/>\u00bfComprenden ahora porque no hay m\u00e1s izquierdas ni derechas en la pol\u00edtica, sino s\u00f3lo centristas? La culpa de todo ello la tiene Einstein, porque los pol\u00edticos, lectores atentos de la f\u00edsica de la relatividad, comprendieron que se pod\u00eda ser de derecha s\u00f3lo con respecto a los zurdos, y \u00e9stos lo eran porque hab\u00eda  derechistas. Pero se desmoron\u00f3 el Muro y desapareci\u00f3 la izquierda, que se fue transmutando de a poco en Socialdemocracia, luego en Tercera v\u00eda y despu\u00e9s en\u2026 (nosotros que hace rato estamos \u201cen la v\u00eda\u201d nunca pudimos encontrar esa tercera). Y lo mismo le ocurri\u00f3 a la derecha, se fue cayendo hacia el centro.  La velocidad con que esto sucedi\u00f3 achic\u00f3 las distancias. Est\u00e1 claro, el problema es cosmol\u00f3gico.<\/p>\n","protected":false},"excerpt":{"rendered":"<p>Las ideas de cada \u00e9poca han sido siempre el resultado de una larga y dura batalla para imponerse. Desde S\u00f3crates para ac\u00e1, pasando por el de Nazaret, Juana de Arco, Galileo, Marx, Einstein, Menem (T\u00e1chese lo que no corresponda) etc., todos ellos fueron parias incomprendidos en vida, y muchos pagaron muy caro su osad\u00eda de [&hellip;]<\/p>\n","protected":false},"author":1,"featured_media":0,"comment_status":"open","ping_status":"open","sticky":false,"template":"","format":"standard","meta":{"footnotes":""},"categories":[1],"tags":[],"class_list":["post-742","post","type-post","status-publish","format-standard","hentry","category-sin-categoria"],"_links":{"self":[{"href":"https:\/\/ricardovicentelopez.com.ar\/index.php?rest_route=\/wp\/v2\/posts\/742","targetHints":{"allow":["GET"]}}],"collection":[{"href":"https:\/\/ricardovicentelopez.com.ar\/index.php?rest_route=\/wp\/v2\/posts"}],"about":[{"href":"https:\/\/ricardovicentelopez.com.ar\/index.php?rest_route=\/wp\/v2\/types\/post"}],"author":[{"embeddable":true,"href":"https:\/\/ricardovicentelopez.com.ar\/index.php?rest_route=\/wp\/v2\/users\/1"}],"replies":[{"embeddable":true,"href":"https:\/\/ricardovicentelopez.com.ar\/index.php?rest_route=%2Fwp%2Fv2%2Fcomments&post=742"}],"version-history":[{"count":0,"href":"https:\/\/ricardovicentelopez.com.ar\/index.php?rest_route=\/wp\/v2\/posts\/742\/revisions"}],"wp:attachment":[{"href":"https:\/\/ricardovicentelopez.com.ar\/index.php?rest_route=%2Fwp%2Fv2%2Fmedia&parent=742"}],"wp:term":[{"taxonomy":"category","embeddable":true,"href":"https:\/\/ricardovicentelopez.com.ar\/index.php?rest_route=%2Fwp%2Fv2%2Fcategories&post=742"},{"taxonomy":"post_tag","embeddable":true,"href":"https:\/\/ricardovicentelopez.com.ar\/index.php?rest_route=%2Fwp%2Fv2%2Ftags&post=742"}],"curies":[{"name":"wp","href":"https:\/\/api.w.org\/{rel}","templated":true}]}}