{"id":741,"date":"2007-06-06T18:34:00","date_gmt":"2007-06-06T18:34:00","guid":{"rendered":"http:\/\/ricardovicentelopez.com.ar\/?p=741"},"modified":"2015-03-21T15:21:32","modified_gmt":"2015-03-21T15:21:32","slug":"como-no-se-puede-entender","status":"publish","type":"post","link":"https:\/\/ricardovicentelopez.com.ar\/?p=741","title":{"rendered":"\u00bfC\u00f3mo no se puede entender?"},"content":{"rendered":"<p>El resultado de las lecciones de Capital ha generado un notable desconcierto. Algunos se preguntan \u00bfqu\u00e9 pas\u00f3? Ya estamos en condiciones que hemos importado un tornado, se llama Mauricio (que tambi\u00e9n es Macri). Pas\u00f3 como un vendaval por sobre los barrios porte\u00f1os. Pero esto no debe sorprendernos. Si el \u00eddolo mayor de Buenos Aires es Gardel, y Carlitos aplaudi\u00f3 el golpe de Uriburu, por lo que podemos atribuir el fen\u00f3meno al esp\u00edritu gardeliano. En 1955 las calles se poblaron de gente que festejaba la ca\u00edda del \u201ctirano\u201d, por lo cual el segundo golpe militar goz\u00f3 de la confianza de nuestras clases medias y altas. Despu\u00e9s lleg\u00f3 ese gobierno a paso de tortuga y nuevamente se aplaudi\u00f3 a las fuerzas militares por sacarnos del \u201cmarasmo\u201d de ese gobierno. A\u00f1os despu\u00e9s, con el aprendizaje de las bondades de los golpes militares, se volvi\u00f3 a respirar hondo porque ven\u00edan los que iban a castigar a \u201clos que algo habr\u00e1n hecho\u201d.<br \/>Despu\u00e9s de todo eso, una propuesta de \u201ccentro-izquierda\u201d que logr\u00f3 \u201csalvarnos de un nuevo gobierno peronista\u201d, a poco de andar cambi\u00f3 a su ministro de econom\u00eda que propon\u00eda \u201cla disparatada idea de investigar la deuda externa\u201d. Como si dudar de \u201cla autenticidad de las deudas\u201d fuera una conducta aceptable para todo pa\u00eds que se precie de ser \u201crespetable\u201d. Los pa\u00edses que son \u201ccomo se debe ser\u201d, seg\u00fan dicen los mejores economistas \u201chonran sus deudas\u201d. Y es lo que hicimos. Por ello tuvimos un Plan Primavera que nos permiti\u00f3 seguir siendo honorables. Como dec\u00eda mi abuela \u201cpobres pero honrados\u201d, \u00a1qu\u00e9 antig\u00fcedad\u201d!<br \/>Tanta honorabilidad nos deposit\u00f3 en el desorden provocado por los pobres que \u201cno aceptaron ser honrados\u201d y saquearon los supermercados. Esto nos hizo quedar muy mal ante la opini\u00f3n de los mejores analistas internacionales. A partir de all\u00ed, por nuestra inconducta, recibimos la reprimenda del \u201criesgo pa\u00eds\u201d que, como todos recordar\u00e1n, deb\u00edamos o\u00edr cada ma\u00f1ana como ese n\u00famero raro, dif\u00edcil de comprender, sub\u00eda y sub\u00eda, para verg\u00fcenza de todos nosotros. Y nuestros mejores periodistas nos lo repet\u00edan para que aprendi\u00e9ramos a portarnos bien. Entonces lleg\u00f3 la dupla de oro que \u201cencarril\u00f3\u201d el pa\u00eds en la d\u00e9cada de los noventa: tuvimos el uno a uno, ingresamos al primer mundo, pudimos comprar barato lo importado, por ello aceptaron renegociar la deuda cuantas veces se lo pidi\u00e9ramos.<br \/>Pudimos aprender que un pa\u00eds serio se hace a partir de la \u201clibertad de mercado\u201d, abriendo las puertas a las inversiones extranjeras, dejando entrar los contenedores con maravillas del sudeste asi\u00e1tico. Compr\u00e1bamos y vend\u00edamos en d\u00f3lares, como all\u00e1 en el norte, habl\u00e1bamos de todo en d\u00f3lares. Bueno, despu\u00e9s lleg\u00f3 la cat\u00e1strofe. Pero esto fue culpa de algunos desmanejos, de ineficiencias, de algunos vivos que se llevaron los d\u00f3lares hacia para\u00edsos fiscales. No por ello debemos rechazar las enormes ventajas que nos ense\u00f1\u00f3 esa d\u00e9cada. Debemos aprender de algunos errores pero no volver a pensar en la pol\u00edtica. Es necesario incorporar a los \u201cbuenos administradores\u201d, a los que proponen encargarse de arreglar todo, porque saben, porque tienen experiencia empresaria.<br \/>Entonces, despu\u00e9s de revisar esta historia \u00bfcu\u00e1l es la sorpresa? Si alguien encarna todos estos valores, si le agrega a ello una concepci\u00f3n clara de c\u00f3mo combatir la delincuencia, si sabe como dejar limpia la ciudad porque desde hace m\u00e1s de treinta a\u00f1os gerencia Manliba, si conoce el problema del transporte porque es parte, con su familia, de la empresa Plaza, etc. \u00bfNo es la persona indicada para ocupar la posici\u00f3n a la que aspira, con una profunda vocaci\u00f3n de servicio?<\/p>\n","protected":false},"excerpt":{"rendered":"<p>El resultado de las lecciones de Capital ha generado un notable desconcierto. Algunos se preguntan \u00bfqu\u00e9 pas\u00f3? Ya estamos en condiciones que hemos importado un tornado, se llama Mauricio (que tambi\u00e9n es Macri). Pas\u00f3 como un vendaval por sobre los barrios porte\u00f1os. Pero esto no debe sorprendernos. Si el \u00eddolo mayor de Buenos Aires es [&hellip;]<\/p>\n","protected":false},"author":1,"featured_media":0,"comment_status":"open","ping_status":"open","sticky":false,"template":"","format":"standard","meta":{"footnotes":""},"categories":[1],"tags":[],"class_list":["post-741","post","type-post","status-publish","format-standard","hentry","category-sin-categoria"],"_links":{"self":[{"href":"https:\/\/ricardovicentelopez.com.ar\/index.php?rest_route=\/wp\/v2\/posts\/741","targetHints":{"allow":["GET"]}}],"collection":[{"href":"https:\/\/ricardovicentelopez.com.ar\/index.php?rest_route=\/wp\/v2\/posts"}],"about":[{"href":"https:\/\/ricardovicentelopez.com.ar\/index.php?rest_route=\/wp\/v2\/types\/post"}],"author":[{"embeddable":true,"href":"https:\/\/ricardovicentelopez.com.ar\/index.php?rest_route=\/wp\/v2\/users\/1"}],"replies":[{"embeddable":true,"href":"https:\/\/ricardovicentelopez.com.ar\/index.php?rest_route=%2Fwp%2Fv2%2Fcomments&post=741"}],"version-history":[{"count":0,"href":"https:\/\/ricardovicentelopez.com.ar\/index.php?rest_route=\/wp\/v2\/posts\/741\/revisions"}],"wp:attachment":[{"href":"https:\/\/ricardovicentelopez.com.ar\/index.php?rest_route=%2Fwp%2Fv2%2Fmedia&parent=741"}],"wp:term":[{"taxonomy":"category","embeddable":true,"href":"https:\/\/ricardovicentelopez.com.ar\/index.php?rest_route=%2Fwp%2Fv2%2Fcategories&post=741"},{"taxonomy":"post_tag","embeddable":true,"href":"https:\/\/ricardovicentelopez.com.ar\/index.php?rest_route=%2Fwp%2Fv2%2Ftags&post=741"}],"curies":[{"name":"wp","href":"https:\/\/api.w.org\/{rel}","templated":true}]}}