{"id":739,"date":"2007-06-14T18:34:00","date_gmt":"2007-06-14T18:34:00","guid":{"rendered":"http:\/\/ricardovicentelopez.com.ar\/?p=739"},"modified":"2015-03-21T15:21:32","modified_gmt":"2015-03-21T15:21:32","slug":"la-vaca-cientifica","status":"publish","type":"post","link":"https:\/\/ricardovicentelopez.com.ar\/?p=739","title":{"rendered":"La vaca cient\u00edfica"},"content":{"rendered":"<p>Cuando yo era chico (ruego no preguntar cu\u00e1nto hace) se cantaba una canci\u00f3n que dec\u00eda: \u201cTengo una vaca lechera, no es una vaca cualquiera\u201d, y en aquella \u00e9poca no alcanc\u00e9 a comprender la profundidad de esta letra. Era entonces mucho m\u00e1s ingenuo de lo que soy hoy (\u00a1Todav\u00eda?). Creo que pens\u00e9 que se trataba de una simple canci\u00f3n para chicos. Hoy, despu\u00e9s de haber ido a la universidad, de haber estudiado algunas cosas y haber entrado en contacto con la hermen\u00e9utica, puedo comenzar a comprender cuanta sabidur\u00eda encerraba aquella letra.<br \/>Todo esta reflexi\u00f3n, que algunos calificar\u00e1n de chabacana, tal vez con raz\u00f3n, pero por el mismo efecto de los a\u00f1os me cuesta mucho distinguir lo banal de lo importante. En mi cabeza todo se mezcla \u201ccomo en la vidriera de los cambalaches\u201d. Ya me perd\u00ed. \u00bfQu\u00e9 era lo que quer\u00eda decir?&#8230; Ya me acord\u00e9, el tema era la vaca. Dec\u00eda Marx: \u201cA primera vista, parece como si las mercanc\u00edas fuesen objetos evidentes y triviales. Pero, analiz\u00e1ndolas, vemos que son objetos muy intrincados, llenos de sutilezas metaf\u00edsicas y de resabios teol\u00f3gicos\u201d. Pues bien, no tengo la menor duda que lo mismo pasa con la vaca. \u00bfEstar\u00e1n pensando que me pir\u00e9 otra vez?, no lo creo, Perm\u00edtanme avanzar.<br \/>Las vacas no s\u00f3lo son objetos metaf\u00edsicos, son sujetos de un pensamiento muy cultivado. Si en el siglo XIX (les aseguro que yo no estaba) se pod\u00eda llegar a las conclusiones que hemos le\u00eddo sobre la mercanc\u00eda, que es un objeto inerte, podr\u00edamos contestar desde la vaca, siguiendo a Calder\u00f3n de la Barca: \u201c\u00bfY teniendo yo m\u00e1s vida tengo menos libertad?\u201d. Y no s\u00f3lo libertad, sino una capacidad nada despreciable para analizar la realidad que la rodea. Es muy probable que esto sea el resultado de las innumerables veces que el hombre de ciencia ha metido la mano entre los genes. Y como se sabe las consecuencias de las mutaciones pueden ser imprevisibles.<br \/>Bien, de eso se trata. Se ha conseguido una vaca economista, analista del mercado, con una agudeza envidiable para detectar d\u00f3nde est\u00e1 el mejor negocio. Y con una objetividad, que debiera envidiar tanta gente, defini\u00f3 cu\u00e1l era su mejor oportunidad. Se pase\u00f3 por las g\u00f3ndolas de los supermercados, hizo una comparativa de precios y decidi\u00f3 su estrategia. Si dar leche de segundas marcas rinde una utilidad muy baja, si la leche en polvo, en cambio, se cotiza muy bien en el mercado internacional, la decisi\u00f3n es muy clara \u201cvoy a dar leche en polvo\u201d. Vamos tras la mayor rentabilidad. Se me dir\u00e1 \u00bfc\u00f3mo y los chicos pobres? Se\u00f1ores, por favor, no es suficiente con que tenga una envidiable capacidad de an\u00e1lisis, pretenden adem\u00e1s que se conduela por lo ni\u00f1os. Pero si ni siquiera los \u201chombres de n\u00fameros\u201d, los pol\u00edticos, los funcionarios hacen eso \u00bfc\u00f3mo pedirle a una vaca que lo haga? Es un desprop\u00f3sito.<\/p>\n","protected":false},"excerpt":{"rendered":"<p>Cuando yo era chico (ruego no preguntar cu\u00e1nto hace) se cantaba una canci\u00f3n que dec\u00eda: \u201cTengo una vaca lechera, no es una vaca cualquiera\u201d, y en aquella \u00e9poca no alcanc\u00e9 a comprender la profundidad de esta letra. Era entonces mucho m\u00e1s ingenuo de lo que soy hoy (\u00a1Todav\u00eda?). Creo que pens\u00e9 que se trataba de [&hellip;]<\/p>\n","protected":false},"author":1,"featured_media":0,"comment_status":"open","ping_status":"open","sticky":false,"template":"","format":"standard","meta":{"footnotes":""},"categories":[1],"tags":[],"class_list":["post-739","post","type-post","status-publish","format-standard","hentry","category-sin-categoria"],"_links":{"self":[{"href":"https:\/\/ricardovicentelopez.com.ar\/index.php?rest_route=\/wp\/v2\/posts\/739","targetHints":{"allow":["GET"]}}],"collection":[{"href":"https:\/\/ricardovicentelopez.com.ar\/index.php?rest_route=\/wp\/v2\/posts"}],"about":[{"href":"https:\/\/ricardovicentelopez.com.ar\/index.php?rest_route=\/wp\/v2\/types\/post"}],"author":[{"embeddable":true,"href":"https:\/\/ricardovicentelopez.com.ar\/index.php?rest_route=\/wp\/v2\/users\/1"}],"replies":[{"embeddable":true,"href":"https:\/\/ricardovicentelopez.com.ar\/index.php?rest_route=%2Fwp%2Fv2%2Fcomments&post=739"}],"version-history":[{"count":0,"href":"https:\/\/ricardovicentelopez.com.ar\/index.php?rest_route=\/wp\/v2\/posts\/739\/revisions"}],"wp:attachment":[{"href":"https:\/\/ricardovicentelopez.com.ar\/index.php?rest_route=%2Fwp%2Fv2%2Fmedia&parent=739"}],"wp:term":[{"taxonomy":"category","embeddable":true,"href":"https:\/\/ricardovicentelopez.com.ar\/index.php?rest_route=%2Fwp%2Fv2%2Fcategories&post=739"},{"taxonomy":"post_tag","embeddable":true,"href":"https:\/\/ricardovicentelopez.com.ar\/index.php?rest_route=%2Fwp%2Fv2%2Ftags&post=739"}],"curies":[{"name":"wp","href":"https:\/\/api.w.org\/{rel}","templated":true}]}}