{"id":736,"date":"2007-06-18T19:18:00","date_gmt":"2007-06-18T19:18:00","guid":{"rendered":"http:\/\/ricardovicentelopez.com.ar\/?p=736"},"modified":"2015-03-21T15:21:32","modified_gmt":"2015-03-21T15:21:32","slug":"yo-acuso","status":"publish","type":"post","link":"https:\/\/ricardovicentelopez.com.ar\/?p=736","title":{"rendered":"Yo acuso"},"content":{"rendered":"<p>Yo acuo<\/p>\n<p>Estamos viviendo tiempos dif\u00edciles. Si hay frases gastadas esta debe estar entre las que ya cuesta trabajo leerlas. No por ello deja de decir una verdad inconmovible. Lo que no estoy en condiciones de afirmar es que estos tiempos habiliten a hacer cualquier cosa, con el asunto de la relatividad de valores ya no hay uno que se mantenga en pie. Sin embargo, esto no impide que gente con firmes convicciones dejen de decir lo que es necesario decir. Traigo de la memoria el recuerdo del escritor franc\u00e9s Emilio Zola quien no pudo dejar de decir que lo que se estaba haciendo con el militar Dreyfus, acusado de \u201calta traici\u00f3n\u201d, era una injusticia. Por ello public\u00f3 en el diario L&#8217;Aurore su famoso \u201cYo acuso (Carta al Presidente de la Rep\u00fablica)\u201d, con lo cual logr\u00f3 que le fuera restituido el grado al militar y su buen nombre y honor. Pag\u00f3 con la c\u00e1rcel su osad\u00eda en un proceso por difamaci\u00f3n que le conden\u00f3 a un a\u00f1o de c\u00e1rcel y a una multa de 7.500 francos (con los gastos). Magn\u00edfico ejemplo.<br \/>Comprender\u00e1n que yo no me atrevo a ser ni la sombra de un Zola, pero no puedo dejar de decir que se est\u00e1 difamando a los prohombres de la patria. Ya vimos que una minucia como ser portador de un t\u00edtulo que no hab\u00edan conseguido echa por el piso trayectorias impecables como la del, ya citado en esta p\u00e1gina,  ex \u2013Licenciado Telerman, ahora la del ex \u2013Ingeniero Blumberg. Ante tantas cosas importantes que pasan en este pa\u00eds, como dijo otra eminencia de los medios de comunicaci\u00f3n, Llamas de Madariaga, se puede perder tiempo en esas minucias. \u00bfQui\u00e9n que se acostumbra a que lo llamen Doctor, Licenciado, Ingeniero u otras denominaciones triviales como esas, no puede estar acord\u00e1ndose de si hab\u00eda estudiado la carrera? \u00bfQu\u00e9 importancia tiene? <br \/>No ser\u00e1 que, ante el majestuoso avance de la derecha, imparable en el mundo, otro tanto en nuestro pa\u00eds, hace que esos demagogos del progresismo izquierdoso, esos que pretenden que la gente de bien \u201cviva tras las rejas, mientras los delincuentes andan libres por las calles\u201d (otra frase bastante gastada) se ponga en duda la prosapia de los mejores. Me parece que ya hemos perdido el par\u00e1metro de quienes somos gente de bien y quienes son delincuentes. Debe quedar claro que los honestos somos siempre nosotros y los delincuentes son ellos.<\/p>\n","protected":false},"excerpt":{"rendered":"<p>Yo acuo Estamos viviendo tiempos dif\u00edciles. Si hay frases gastadas esta debe estar entre las que ya cuesta trabajo leerlas. No por ello deja de decir una verdad inconmovible. Lo que no estoy en condiciones de afirmar es que estos tiempos habiliten a hacer cualquier cosa, con el asunto de la relatividad de valores ya [&hellip;]<\/p>\n","protected":false},"author":1,"featured_media":0,"comment_status":"open","ping_status":"open","sticky":false,"template":"","format":"standard","meta":{"footnotes":""},"categories":[1],"tags":[],"class_list":["post-736","post","type-post","status-publish","format-standard","hentry","category-sin-categoria"],"_links":{"self":[{"href":"https:\/\/ricardovicentelopez.com.ar\/index.php?rest_route=\/wp\/v2\/posts\/736","targetHints":{"allow":["GET"]}}],"collection":[{"href":"https:\/\/ricardovicentelopez.com.ar\/index.php?rest_route=\/wp\/v2\/posts"}],"about":[{"href":"https:\/\/ricardovicentelopez.com.ar\/index.php?rest_route=\/wp\/v2\/types\/post"}],"author":[{"embeddable":true,"href":"https:\/\/ricardovicentelopez.com.ar\/index.php?rest_route=\/wp\/v2\/users\/1"}],"replies":[{"embeddable":true,"href":"https:\/\/ricardovicentelopez.com.ar\/index.php?rest_route=%2Fwp%2Fv2%2Fcomments&post=736"}],"version-history":[{"count":0,"href":"https:\/\/ricardovicentelopez.com.ar\/index.php?rest_route=\/wp\/v2\/posts\/736\/revisions"}],"wp:attachment":[{"href":"https:\/\/ricardovicentelopez.com.ar\/index.php?rest_route=%2Fwp%2Fv2%2Fmedia&parent=736"}],"wp:term":[{"taxonomy":"category","embeddable":true,"href":"https:\/\/ricardovicentelopez.com.ar\/index.php?rest_route=%2Fwp%2Fv2%2Fcategories&post=736"},{"taxonomy":"post_tag","embeddable":true,"href":"https:\/\/ricardovicentelopez.com.ar\/index.php?rest_route=%2Fwp%2Fv2%2Ftags&post=736"}],"curies":[{"name":"wp","href":"https:\/\/api.w.org\/{rel}","templated":true}]}}