{"id":735,"date":"2007-06-18T19:30:00","date_gmt":"2007-06-18T19:30:00","guid":{"rendered":"http:\/\/ricardovicentelopez.com.ar\/?p=735"},"modified":"2015-03-21T15:21:32","modified_gmt":"2015-03-21T15:21:32","slug":"yo-acuso-ii-confesion-de-un-titulo","status":"publish","type":"post","link":"https:\/\/ricardovicentelopez.com.ar\/?p=735","title":{"rendered":"Yo acuso II \u2013 Confesi\u00f3n de un t\u00edtulo"},"content":{"rendered":"<p>Vuelvo con mi indignaci\u00f3n. Hasta d\u00f3nde puede llegar la impunidad que este tipo de libertad sin l\u00edmites permite. C\u00f3mo es posible que se pueda convertir en una burla las palabras condolidas, emocionadas, sinceras, dichas desde lo m\u00e1s profundo del coraz\u00f3n, de quien se arrepiente en p\u00fablico. \u00bfNo nos ense\u00f1\u00f3 ya el cardenal Bergoglio que debemos aprender a perdonar? Sobre todo a quien tiene la voluntad y la hombr\u00eda de bien de confesar sin retacear detalles su falta. \u00bfPor qu\u00e9 estoy indignado? Porque encuentro en uno de esos llamados \u201cblogs\u201d a alguien que, escud\u00e1ndose cobardemente en el anonimato, publica esta atrocidad.<\/p>\n<p>Confesi\u00f3n\u2026 de un t\u00edtulo &#8211; Versi\u00f3n libre blumbergiana<\/p>\n<p>Fue a conciencia oscura<br \/>que perd\u00ed mi t\u00edtulo\u2026 nada m\u00e1s que por salvarlo.<br \/>Hoy me odian y soy infeliz, me arrincono pa\u2019 llorarlo.<br \/>El recuerdo que tendr\u00e1n de mi ser\u00e1 derechoso,<br \/>me ver\u00e1n siempre golpe\u00e1ndolos como un represor\u2026<br \/>Y si supieran que lo horroroso <br \/>fue que pagara as\u00ed mi deshonor.<\/p>\n<p>Ay de mi vida\u2026 soy un fracasao.<br \/>Y en mi ca\u00edda no pude hacerme a un lao,<br \/>Porque el poder lo quise tanto\u2026 tanto\u2026<br \/>que al rodar, para salvarme, s\u00f3lo supe hacerme odiar.<\/p>\n<p>Como respeto a la gente de bien, esa que ya ha dado muestras de su inteligencia en las elecciones porte\u00f1as, me detengo en mis comentarios y cedo la palabra a los \u201chombres y mujeres de la Rep\u00fablica\u201d.<\/p>\n","protected":false},"excerpt":{"rendered":"<p>Vuelvo con mi indignaci\u00f3n. Hasta d\u00f3nde puede llegar la impunidad que este tipo de libertad sin l\u00edmites permite. C\u00f3mo es posible que se pueda convertir en una burla las palabras condolidas, emocionadas, sinceras, dichas desde lo m\u00e1s profundo del coraz\u00f3n, de quien se arrepiente en p\u00fablico. \u00bfNo nos ense\u00f1\u00f3 ya el cardenal Bergoglio que debemos [&hellip;]<\/p>\n","protected":false},"author":1,"featured_media":0,"comment_status":"open","ping_status":"open","sticky":false,"template":"","format":"standard","meta":{"footnotes":""},"categories":[1],"tags":[],"class_list":["post-735","post","type-post","status-publish","format-standard","hentry","category-sin-categoria"],"_links":{"self":[{"href":"https:\/\/ricardovicentelopez.com.ar\/index.php?rest_route=\/wp\/v2\/posts\/735","targetHints":{"allow":["GET"]}}],"collection":[{"href":"https:\/\/ricardovicentelopez.com.ar\/index.php?rest_route=\/wp\/v2\/posts"}],"about":[{"href":"https:\/\/ricardovicentelopez.com.ar\/index.php?rest_route=\/wp\/v2\/types\/post"}],"author":[{"embeddable":true,"href":"https:\/\/ricardovicentelopez.com.ar\/index.php?rest_route=\/wp\/v2\/users\/1"}],"replies":[{"embeddable":true,"href":"https:\/\/ricardovicentelopez.com.ar\/index.php?rest_route=%2Fwp%2Fv2%2Fcomments&post=735"}],"version-history":[{"count":0,"href":"https:\/\/ricardovicentelopez.com.ar\/index.php?rest_route=\/wp\/v2\/posts\/735\/revisions"}],"wp:attachment":[{"href":"https:\/\/ricardovicentelopez.com.ar\/index.php?rest_route=%2Fwp%2Fv2%2Fmedia&parent=735"}],"wp:term":[{"taxonomy":"category","embeddable":true,"href":"https:\/\/ricardovicentelopez.com.ar\/index.php?rest_route=%2Fwp%2Fv2%2Fcategories&post=735"},{"taxonomy":"post_tag","embeddable":true,"href":"https:\/\/ricardovicentelopez.com.ar\/index.php?rest_route=%2Fwp%2Fv2%2Ftags&post=735"}],"curies":[{"name":"wp","href":"https:\/\/api.w.org\/{rel}","templated":true}]}}