{"id":730,"date":"2007-07-12T19:30:00","date_gmt":"2007-07-12T19:30:00","guid":{"rendered":"http:\/\/ricardovicentelopez.com.ar\/?p=730"},"modified":"2015-03-21T15:21:32","modified_gmt":"2015-03-21T15:21:32","slug":"siglo-xxi-senores-por-favor","status":"publish","type":"post","link":"https:\/\/ricardovicentelopez.com.ar\/?p=730","title":{"rendered":"Siglo XXI se\u00f1ores, \u00a1por favor!"},"content":{"rendered":"<p>Hace muchos a\u00f1os hab\u00eda aparecido una publicidad de un talco que comenzaba preguntando: \u201c\u00bfSer\u00e1 nena ser\u00e1 var\u00f3n\u2026? La respuesta era muy simple: \u201ces lo mismo\u201d. Claro, como se trataba de comprar un talco para beb\u00e9s no daba lugar a grandes disquisiciones de g\u00e9nero al respecto. Pero, ahora se trata del poder y, como todo el mundo sabe, con el poder no se juega. Por el contrario, pareciera que el poder juega con m\u00e1s de uno. Y aqu\u00ed no parece importar si es nena o var\u00f3n. (Advertencia: esto no es kitchnerismo; es un desaf\u00edo a la inteligencia)<br \/>He visto que en los medios ha aparecido el problema de la posibilidad de una mujer en el  poder. Y las preguntas que se hacen es si estar\u00e1 en condiciones de ejercerlo. Pero, se\u00f1ores, seamos serios (digo \u201cse\u00f1ores\u201d porque parto del supuesto de que las mujeres, o sea las \u201cse\u00f1oras\u201d, no se hagan estas preguntas, \u00bfo s\u00ed? Esto, entonces, ser\u00eda grave, gravedad de g\u00e9nero \u00bfno?). Despu\u00e9s de haber visto sentado en el sill\u00f3n de\u2026 (perd\u00f3nenme pero no puedo nombrarlo, la culpa la tiene mi inclinaci\u00f3n a leer historia y descubrir qui\u00e9n es qui\u00e9n) a cada personaje sobre los cuales hubiera sido sano preguntarse si estaba en condiciones de ejercerlo, \u00bfahora se nos ocurre esta pregunta?<br \/>Deber\u00edamos sincerarnos: el problema no es si es capaz de ejercer el poder, el problema real es que es mujer. Claro est\u00e1, si la comparaci\u00f3n se hace con la residente en Espa\u00f1a, que se molestaba cuando la \u201catosigaban\u201d, puede dar lugar a las sospechas. Pero pens\u00e1ndolo un poco, la comparaci\u00f3n \u00bfno la favorece y mucho? Por lo que sugiero que cambien el ataque. Porque aquella triste historia tiene m\u00e1s semejanzas con un personaje que tambi\u00e9n sali\u00f3 en helic\u00f3ptero: ambos viv\u00edan en el topos uranos, para ser compasivos y piadosos. Y si bien de ella se temi\u00f3 por sus capacidades en aquel momento, de \u00e9l se cantaban loas. Seguro, por parte de aquellos desmemoriados que olvidaron qu\u00e9 hab\u00eda estado haciendo sentado en el senado durante a\u00f1os. Y la desorientaci\u00f3n que exhibe el personaje hoy ya la ten\u00eda entonces. Es cong\u00e9nita.<br \/>Ahora bien si el problema es ser la esposa de\u2026, ac\u00e1 aparece otro olvido. No hace m\u00e1s de cinco o seis a\u00f1os el tema era el inverso: \u00e9l era el esposo de ella, y esto por m\u00e1s de diez a\u00f1os. Entonces, colegas esposos, pregunt\u00e9monos cu\u00e1ntos de nosotros se sentir\u00eda c\u00f3modo con una mujer al lado nuestro tan \u201cd\u00f3cil\u201d como ella. Y agreguemos m\u00e1s preguntas: \u00bfPor qu\u00e9 a otra mujer que se llamaba \u201cElla\u201d, nadie le pregunt\u00f3 si era capaz de ser gobernadora, y a otra bastante m\u00e1s petiza tampoco? \u00bf\u201cA los argentinos, se\u00f1or, qu\u00e9 nos pasa\u2026\u201d que caemos en tales confusiones?<br \/>Por lo que creo que deber\u00edamos centrarnos en qu\u00e9 piensa, qu\u00e9 dice que va a hacer, qu\u00e9 propone. Y cuando se escribe, se habla por radio o televisi\u00f3n, tanto sobre este tema lo que no aparece es lo que voy a proponer: a) que se le revise el \u201ccurr\u00edculum\u201d (o como se deba llamar) a todo candidato a la presidencia, b) que se le tome luego un test de inteligencia y un examen de conocimientos generales, c) que redacte ante un jurado una m\u00ednima monograf\u00eda sobre por qu\u00e9 cree que tiene condiciones para ser presidente, y d) que se habilite a presentarse a elecciones a los que hayan aprobado.  Y dejemos de lado si es hombre o es mujer. Siglo XXI se\u00f1ores, \u00a1por favor! (El problema, debo confesarlo, es la composici\u00f3n del jurado).<\/p>\n","protected":false},"excerpt":{"rendered":"<p>Hace muchos a\u00f1os hab\u00eda aparecido una publicidad de un talco que comenzaba preguntando: \u201c\u00bfSer\u00e1 nena ser\u00e1 var\u00f3n\u2026? La respuesta era muy simple: \u201ces lo mismo\u201d. Claro, como se trataba de comprar un talco para beb\u00e9s no daba lugar a grandes disquisiciones de g\u00e9nero al respecto. Pero, ahora se trata del poder y, como todo el [&hellip;]<\/p>\n","protected":false},"author":1,"featured_media":0,"comment_status":"open","ping_status":"open","sticky":false,"template":"","format":"standard","meta":{"footnotes":""},"categories":[1],"tags":[],"class_list":["post-730","post","type-post","status-publish","format-standard","hentry","category-sin-categoria"],"_links":{"self":[{"href":"https:\/\/ricardovicentelopez.com.ar\/index.php?rest_route=\/wp\/v2\/posts\/730","targetHints":{"allow":["GET"]}}],"collection":[{"href":"https:\/\/ricardovicentelopez.com.ar\/index.php?rest_route=\/wp\/v2\/posts"}],"about":[{"href":"https:\/\/ricardovicentelopez.com.ar\/index.php?rest_route=\/wp\/v2\/types\/post"}],"author":[{"embeddable":true,"href":"https:\/\/ricardovicentelopez.com.ar\/index.php?rest_route=\/wp\/v2\/users\/1"}],"replies":[{"embeddable":true,"href":"https:\/\/ricardovicentelopez.com.ar\/index.php?rest_route=%2Fwp%2Fv2%2Fcomments&post=730"}],"version-history":[{"count":0,"href":"https:\/\/ricardovicentelopez.com.ar\/index.php?rest_route=\/wp\/v2\/posts\/730\/revisions"}],"wp:attachment":[{"href":"https:\/\/ricardovicentelopez.com.ar\/index.php?rest_route=%2Fwp%2Fv2%2Fmedia&parent=730"}],"wp:term":[{"taxonomy":"category","embeddable":true,"href":"https:\/\/ricardovicentelopez.com.ar\/index.php?rest_route=%2Fwp%2Fv2%2Fcategories&post=730"},{"taxonomy":"post_tag","embeddable":true,"href":"https:\/\/ricardovicentelopez.com.ar\/index.php?rest_route=%2Fwp%2Fv2%2Ftags&post=730"}],"curies":[{"name":"wp","href":"https:\/\/api.w.org\/{rel}","templated":true}]}}