{"id":729,"date":"2007-07-23T19:11:00","date_gmt":"2007-07-23T19:11:00","guid":{"rendered":"http:\/\/ricardovicentelopez.com.ar\/?p=729"},"modified":"2015-03-21T15:21:32","modified_gmt":"2015-03-21T15:21:32","slug":"la-pachamama-y-la-racionalidad-economica","status":"publish","type":"post","link":"https:\/\/ricardovicentelopez.com.ar\/?p=729","title":{"rendered":"La Pachamama y la racionalidad econ\u00f3mica"},"content":{"rendered":"<p>Debo confesar que estoy muy confundido. Y creo que la causa mayor radica en que fui un joven en los sesenta y setenta. Ese pasado, que se desarroll\u00f3 entre emociones intensas, ba\u00f1os de cultura popular y pasiones encendidas, tuve que someterlo al enfriamiento de los ochenta y a la globalizaci\u00f3n de los noventa. Me convert\u00ed entonces en un hombre centrado, racional, anal\u00edtico, es decir, en un intelectual de la \u00e9poca. Ya no cre\u00ed que el mundo se pod\u00eda cambiar, acept\u00e9 no sin cierto dolor que la historia hab\u00eda terminado, que hab\u00edamos llegado a esa meseta que los tiempos hab\u00edan preparado como final de una larga ascensi\u00f3n. El capitalismo, con su mecanismo de mercado abierto, estaba preparado para resolver todos los detalles que faltaran para un perfecto funcionamiento y la democracia liberal, con sus partidos representativos, le dar\u00edan el marco legal necesario.<br \/>En fin, la racionalidad hab\u00eda tomado el comando del mundo y \u00e9ste estaba ya colocado sobre los rieles de un c\u00f3modo, tranquilo y placentero camino, sin sobresaltos. Me dije: la verdad est\u00e1 en los libros, en los congresos, en las academias. Deb\u00eda enterrar definitivamente aquellos rescoldos de viejas ilusiones que todav\u00eda pretend\u00edan chisporrotear en el fondo de mi conciencia. Hasta all\u00ed estaba todo claro.<br \/>Pero resulta que leo el diario y veo la televisi\u00f3n y me encuentro a un dirigente que reun\u00eda todos los atributos para que se ganara mi respeto y mi admiraci\u00f3n, un hombre que reun\u00eda en s\u00ed todos los atributos que lo hac\u00edan merecedor de mi envidia: serio, inteligente, atildado, mesurado, moderado en sus apreciaciones, ponderado en sus juicios, fue parte de una ceremonia que puso mi cabeza en descomposici\u00f3n.<br \/>Me cuesta decirlo, pero debo afrontar este duro trance para m\u00ed: el Doctor Lavagna, rodeado de ind\u00edgenas vestidos a la usanza quichua, le rindi\u00f3 culto a la Pachamama. \u201cLe ofrend\u00f3 cigarrillos, alcohol, sahumerios y (escuchen bien) hojas de coca\u201d. Y todo ello \u201cpara pedirle protecci\u00f3n y hacerle promesas\u201d. Pronunciando estas palabras: \u201cMadre Tierra, que el ma\u00edz que estoy vertiendo sea el anuncio de que ning\u00fan argentino pase hambre\u201d. \u00bfC\u00f3mo entender que recurra al \u201cpensamiento m\u00e1gico\u201d como programa de campa\u00f1a? Si lo necesita, por si gana la presidencia, que mal veo a nuestra patria.<br \/>Entonces, se comprender\u00e1 c\u00f3mo me siento. \u00bfHemos vuelto a los viejos tiempos en los que imperaba la irracionalidad o es que la posmodernidad todo lo permite? Si rinde culto con toda convicci\u00f3n, este hombre ya no es el que era. Si lo hace s\u00f3lo como un golpe publicitario, tampoco es el que promet\u00eda. \u201cMe he vuelto pa\u2019 mirar y el pasao me ha hecho re\u00edr, las cosas que he so\u00f1ao, me cache en die qu\u00e9 gil\u201d.<\/p>\n","protected":false},"excerpt":{"rendered":"<p>Debo confesar que estoy muy confundido. Y creo que la causa mayor radica en que fui un joven en los sesenta y setenta. Ese pasado, que se desarroll\u00f3 entre emociones intensas, ba\u00f1os de cultura popular y pasiones encendidas, tuve que someterlo al enfriamiento de los ochenta y a la globalizaci\u00f3n de los noventa. Me convert\u00ed [&hellip;]<\/p>\n","protected":false},"author":1,"featured_media":0,"comment_status":"open","ping_status":"open","sticky":false,"template":"","format":"standard","meta":{"footnotes":""},"categories":[1],"tags":[],"class_list":["post-729","post","type-post","status-publish","format-standard","hentry","category-sin-categoria"],"_links":{"self":[{"href":"https:\/\/ricardovicentelopez.com.ar\/index.php?rest_route=\/wp\/v2\/posts\/729","targetHints":{"allow":["GET"]}}],"collection":[{"href":"https:\/\/ricardovicentelopez.com.ar\/index.php?rest_route=\/wp\/v2\/posts"}],"about":[{"href":"https:\/\/ricardovicentelopez.com.ar\/index.php?rest_route=\/wp\/v2\/types\/post"}],"author":[{"embeddable":true,"href":"https:\/\/ricardovicentelopez.com.ar\/index.php?rest_route=\/wp\/v2\/users\/1"}],"replies":[{"embeddable":true,"href":"https:\/\/ricardovicentelopez.com.ar\/index.php?rest_route=%2Fwp%2Fv2%2Fcomments&post=729"}],"version-history":[{"count":0,"href":"https:\/\/ricardovicentelopez.com.ar\/index.php?rest_route=\/wp\/v2\/posts\/729\/revisions"}],"wp:attachment":[{"href":"https:\/\/ricardovicentelopez.com.ar\/index.php?rest_route=%2Fwp%2Fv2%2Fmedia&parent=729"}],"wp:term":[{"taxonomy":"category","embeddable":true,"href":"https:\/\/ricardovicentelopez.com.ar\/index.php?rest_route=%2Fwp%2Fv2%2Fcategories&post=729"},{"taxonomy":"post_tag","embeddable":true,"href":"https:\/\/ricardovicentelopez.com.ar\/index.php?rest_route=%2Fwp%2Fv2%2Ftags&post=729"}],"curies":[{"name":"wp","href":"https:\/\/api.w.org\/{rel}","templated":true}]}}