{"id":728,"date":"2007-07-23T19:14:00","date_gmt":"2007-07-23T19:14:00","guid":{"rendered":"http:\/\/ricardovicentelopez.com.ar\/?p=728"},"modified":"2015-03-21T15:21:32","modified_gmt":"2015-03-21T15:21:32","slug":"yo-acuso-iii-confesion-globalizada","status":"publish","type":"post","link":"https:\/\/ricardovicentelopez.com.ar\/?p=728","title":{"rendered":"Yo acuso III: confesi\u00f3n globalizada"},"content":{"rendered":"<p>He le\u00eddo, en estos d\u00edas, en los medios de informaci\u00f3n: \u201cEl embajador Rubens Ricupero sabe bastante sobre globalizaci\u00f3n. De hecho fue uno de quienes la forjaron, no siempre con entusiasmo, es justo decir, desde su puesto en la jefatura de la Conferencia de las Naciones Unidas sobre Comercio y Desarrollo (conocida como UNCTAD, por su sigla en ingl\u00e9s), como negociador brasile\u00f1o ante la Organizaci\u00f3n Mundial de Comercio (OMC) y como ministro de Econom\u00eda de su pa\u00eds e influyente cabo electoral de Fernando Henrique Cardoso cuando \u00e9ste dej\u00f3 el Ministerio de Econom\u00eda para disputar la presidencia\u201d. Todo un personaje, como puede verse.<br \/>Sin embargo, con semejante curr\u00edculum a cuestas, que le deb\u00eda pesar bastante, en uno de sus \u00faltimos actos p\u00fablicos antes de dejar la UNCTAD, (no se dice si se fue o lo fueron) Ricupero: \u201calert\u00f3 a los gobiernos de los pa\u00edses pobres que deb\u00edan pensar dos veces antes de liberalizar sus econom\u00edas\u201d (a buena hora, nada menos que quince a\u00f1os tarde), ya que dijo: \u201cembarcarse en la liberalizaci\u00f3n es como entrar a la mafia. Si despu\u00e9s uno se arrepiente, no se sale de ella mandando una carta de renuncia\u201d. Le falt\u00f3 decir: \u201cQue parezca un accidente\u201d. Le falt\u00f3 decir qu\u00e9 puesto de responsabilidad ten\u00eda en la l\u00ednea de mandos de la mafia. Le falt\u00f3 decir c\u00f3mo se hace para salir como \u00e9l lo hizo. \u00bfMand\u00f3 una carta de renuncia?<br \/>Pero, tanta pretensi\u00f3n de sutilezas pareciera borrar el acto de arrepentimiento (\u00bfse habr\u00e1 arrepentido?). No debemos dejar de agradecerle su confesi\u00f3n, en estas \u00e9pocas de tantas confesiones y arrepentimientos, porque es \u201ccristiano el arrepentirse\u201d y es \u201ccristiano el perdonar\u201d. Record\u00e1ndole a \u00e9l, justo a \u00e9l, que \u201cperd\u00f3nanos nuestras deudas\u201d (las deudas grandes) tambi\u00e9n es \u201ccristiano\u201d.<\/p>\n","protected":false},"excerpt":{"rendered":"<p>He le\u00eddo, en estos d\u00edas, en los medios de informaci\u00f3n: \u201cEl embajador Rubens Ricupero sabe bastante sobre globalizaci\u00f3n. De hecho fue uno de quienes la forjaron, no siempre con entusiasmo, es justo decir, desde su puesto en la jefatura de la Conferencia de las Naciones Unidas sobre Comercio y Desarrollo (conocida como UNCTAD, por su [&hellip;]<\/p>\n","protected":false},"author":1,"featured_media":0,"comment_status":"open","ping_status":"open","sticky":false,"template":"","format":"standard","meta":{"footnotes":""},"categories":[1],"tags":[],"class_list":["post-728","post","type-post","status-publish","format-standard","hentry","category-sin-categoria"],"_links":{"self":[{"href":"https:\/\/ricardovicentelopez.com.ar\/index.php?rest_route=\/wp\/v2\/posts\/728","targetHints":{"allow":["GET"]}}],"collection":[{"href":"https:\/\/ricardovicentelopez.com.ar\/index.php?rest_route=\/wp\/v2\/posts"}],"about":[{"href":"https:\/\/ricardovicentelopez.com.ar\/index.php?rest_route=\/wp\/v2\/types\/post"}],"author":[{"embeddable":true,"href":"https:\/\/ricardovicentelopez.com.ar\/index.php?rest_route=\/wp\/v2\/users\/1"}],"replies":[{"embeddable":true,"href":"https:\/\/ricardovicentelopez.com.ar\/index.php?rest_route=%2Fwp%2Fv2%2Fcomments&post=728"}],"version-history":[{"count":0,"href":"https:\/\/ricardovicentelopez.com.ar\/index.php?rest_route=\/wp\/v2\/posts\/728\/revisions"}],"wp:attachment":[{"href":"https:\/\/ricardovicentelopez.com.ar\/index.php?rest_route=%2Fwp%2Fv2%2Fmedia&parent=728"}],"wp:term":[{"taxonomy":"category","embeddable":true,"href":"https:\/\/ricardovicentelopez.com.ar\/index.php?rest_route=%2Fwp%2Fv2%2Fcategories&post=728"},{"taxonomy":"post_tag","embeddable":true,"href":"https:\/\/ricardovicentelopez.com.ar\/index.php?rest_route=%2Fwp%2Fv2%2Ftags&post=728"}],"curies":[{"name":"wp","href":"https:\/\/api.w.org\/{rel}","templated":true}]}}