{"id":726,"date":"2007-08-13T20:40:00","date_gmt":"2007-08-13T20:40:00","guid":{"rendered":"http:\/\/ricardovicentelopez.com.ar\/?p=726"},"modified":"2015-03-21T15:21:32","modified_gmt":"2015-03-21T15:21:32","slug":"tengo-un-pecado-nuevo-que-no-debo-estrenar-contigo","status":"publish","type":"post","link":"https:\/\/ricardovicentelopez.com.ar\/?p=726","title":{"rendered":"Tengo un pecado nuevo que no debo estrenar contigo"},"content":{"rendered":"<p>Nuestros abuelos y bisabuelos (y t\u00e1tara\u2026 y choznos, etc.) viv\u00edan en un mundo en el que el tiempo transcurr\u00eda muy lentamente. Por ello, los cambios sociales se iban preparando paulatinamente, se produc\u00eda en la generaci\u00f3n siguiente cuando la gente ya estaba avisada de que algo se ven\u00eda y lo iba adoptando de a poco. Pero lleg\u00f3 el siglo XX, cambalache, y todo se dispar\u00f3. Es cierto que el siglo anterior ven\u00eda avisando que se producir\u00edan modificaciones sociales pero, aqu\u00ed en la periferia, nosotros los vimos sentados en la tribuna del mundo. Esas cosas les pasaban \u201ca ellos\u201d, gente muy distinta a nosotros.<br \/>Se produjeron dos guerras y ya no fue tan f\u00e1cil quedarse sentado mirando. Una inmigraci\u00f3n que escapaba de aquel infierno fue llegando a nuestras tierras y el relato de aquellos dramas nos meti\u00f3 en medio de la turbulencia del mundo. Paralelamente, el tiempo fue tomando una velocidad mayor. En los cincuenta y los sesenta comenzamos a bailar al comp\u00e1s de una m\u00fasica que nos parec\u00eda un poco loca (al lado de la que lleg\u00f3 despu\u00e9s eran canciones de cuna).<br \/>Comenzando los ochenta sentimos que nos met\u00edan con patas y todo en medio de la debacle financiera mundial. Un cowboy se subi\u00f3 al caballo de la Casa Blanca, sac\u00f3 su Colt 38 y comenz\u00f3 a disparar por el mundo (claro, despu\u00e9s vino otro tejano y dispar\u00f3 con calibres superiores, pero es otra historia). Finalmente, llegamos a los noventa, meta pizza y champa\u00f1a, vedettes en la Casa Rosada, valijas con no se sabe qu\u00e9 (o mejor es no saberlo) entraban y sal\u00edan de esa casa y del pa\u00eds. Hasta que las tablas de multiplicar saltaron por los aires y result\u00f3 que 1 x 1 no era 1, sino tres o cuatro, o\u2026 qu\u00e9 se yo.<br \/>Por suerte, ahora estamos en el siglo XXI y todo eso qued\u00f3 atr\u00e1s. Hemos entrado en otro mundo, lleg\u00f3 la hora de \u201ccumplir con los deberes\u201d, porque el siglo de los derechos ya fue superado, seg\u00fan dijo el nuevo jefe. No hay dudas de que el asesoramiento del ex-ingeniero dio sus frutos. Pero sospecho que la pr\u00e9dica de este ap\u00f3stol de \u201clos deberes\u201d no se circunscribe al \u00e1mbito interno, ya se convirti\u00f3 en asesor internacional, cono resonancias inesperadas. Vean de qu\u00e9 me enter\u00e9.<br \/>D\u00edas atr\u00e1s el Diario La Stampa de Mil\u00e1n comenta una novedad vaticana. Ya el t\u00edtulo de la noticia me dej\u00f3 perplejo: Benedicto XVI convierte en pecado los adelantamientos con el coche.  Y comenta: \u201cLa Iglesia cat\u00f3lica pone nuevas trabas para que sus feligreses alcancen el para\u00edso. Hoy ya no se trata del preservativo ni del aborto, a\u00fan en caso de que ponga en peligro la vida de uno de los dos o de ambos. Esta vez hace uso de su capacidad como agente civilizador y se encarga de la educaci\u00f3n vial. Adelantarse con el coche se convierte en pecado. Nada indican si poniendo o no en riesgo las condiciones de seguridad de los dem\u00e1s autom\u00f3viles. Los veh\u00edculos, amonesta la Santa Sede, \u00abm\u00e1s que servir a un uso prudente y \u00e9tico para la convivencia o la solidaridad y al servicio de los dem\u00e1s\u00bb, son habitualmente un instrumento de \u00ababuso\u00bb\u201d.<br \/>Qu\u00e9 se puede agregar. Est\u00e1 todo dicho.<\/p>\n","protected":false},"excerpt":{"rendered":"<p>Nuestros abuelos y bisabuelos (y t\u00e1tara\u2026 y choznos, etc.) viv\u00edan en un mundo en el que el tiempo transcurr\u00eda muy lentamente. Por ello, los cambios sociales se iban preparando paulatinamente, se produc\u00eda en la generaci\u00f3n siguiente cuando la gente ya estaba avisada de que algo se ven\u00eda y lo iba adoptando de a poco. Pero [&hellip;]<\/p>\n","protected":false},"author":1,"featured_media":0,"comment_status":"open","ping_status":"open","sticky":false,"template":"","format":"standard","meta":{"footnotes":""},"categories":[1],"tags":[],"class_list":["post-726","post","type-post","status-publish","format-standard","hentry","category-sin-categoria"],"_links":{"self":[{"href":"https:\/\/ricardovicentelopez.com.ar\/index.php?rest_route=\/wp\/v2\/posts\/726","targetHints":{"allow":["GET"]}}],"collection":[{"href":"https:\/\/ricardovicentelopez.com.ar\/index.php?rest_route=\/wp\/v2\/posts"}],"about":[{"href":"https:\/\/ricardovicentelopez.com.ar\/index.php?rest_route=\/wp\/v2\/types\/post"}],"author":[{"embeddable":true,"href":"https:\/\/ricardovicentelopez.com.ar\/index.php?rest_route=\/wp\/v2\/users\/1"}],"replies":[{"embeddable":true,"href":"https:\/\/ricardovicentelopez.com.ar\/index.php?rest_route=%2Fwp%2Fv2%2Fcomments&post=726"}],"version-history":[{"count":0,"href":"https:\/\/ricardovicentelopez.com.ar\/index.php?rest_route=\/wp\/v2\/posts\/726\/revisions"}],"wp:attachment":[{"href":"https:\/\/ricardovicentelopez.com.ar\/index.php?rest_route=%2Fwp%2Fv2%2Fmedia&parent=726"}],"wp:term":[{"taxonomy":"category","embeddable":true,"href":"https:\/\/ricardovicentelopez.com.ar\/index.php?rest_route=%2Fwp%2Fv2%2Fcategories&post=726"},{"taxonomy":"post_tag","embeddable":true,"href":"https:\/\/ricardovicentelopez.com.ar\/index.php?rest_route=%2Fwp%2Fv2%2Ftags&post=726"}],"curies":[{"name":"wp","href":"https:\/\/api.w.org\/{rel}","templated":true}]}}