{"id":722,"date":"2007-10-02T17:07:00","date_gmt":"2007-10-02T17:07:00","guid":{"rendered":"http:\/\/ricardovicentelopez.com.ar\/?p=722"},"modified":"2015-03-21T15:21:31","modified_gmt":"2015-03-21T15:21:31","slug":"la-concentracion-de-medios-y-la-libertad-de-prensa","status":"publish","type":"post","link":"https:\/\/ricardovicentelopez.com.ar\/?p=722","title":{"rendered":"La concentraci\u00f3n de medios y la \u201clibertad de prensa\u201d"},"content":{"rendered":"<p>Hace m\u00e1s de un a\u00f1o el director del peri\u00f3dico Le Monde Diplomatique, Ignacio Ramonet, analizaba la situaci\u00f3n de las publicaciones period\u00edsticas en Europa y dec\u00eda: \u201cLa disminuci\u00f3n de la difusi\u00f3n de peri\u00f3dicos, su cada vez mayor concentraci\u00f3n en un pu\u00f1ado de grupos industriales y su mayor dependencia de los intereses econ\u00f3micos de esos grupos caracterizan a la prensa escrita actual [esto es extensible a todos los medios &#8211; RVL]. Un fabuloso desarrollo tecnol\u00f3gico pone a la informaci\u00f3n al alcance de un p\u00fablico cada vez m\u00e1s extenso y con mayor rapidez. Pero simult\u00e1neamente se incrementa un periodismo complaciente en menoscabo de un periodismo cr\u00edtico, lo que pone el riesgo la noci\u00f3n misma de prensa libre y perjudica y degrada a la democracia\u201d.<br \/>De este p\u00e1rrafo se pueden sacar varias conclusiones. Los medios de comunicaci\u00f3n, deber\u00edamos decir de informaci\u00f3n, o tal vez de desinformaci\u00f3n, han sido acaparados por un \u201cpu\u00f1ado de grupos industriales\u201d (otro tanto ocurre en nuestro pa\u00eds), capitales que hasta no hace m\u00e1s de 25 a\u00f1os no se ocupaban de este negocio. La consolidaci\u00f3n de los grandes conglomerados econ\u00f3micos permiti\u00f3 que dieran un paso hacia el control de la opini\u00f3n p\u00fablica, ahora desarrollada dentro del marco de las reglas de la democracia. Pero como democracia es hoy el reino del mercado la v\u00eda utilizada fue la compra de esos medios y su concentraci\u00f3n. Por tal raz\u00f3n se puede comprender, aunque no justificar, que por razones de conservaci\u00f3n de sus puestos de trabajo haya proliferado \u201cun periodismo complaciente\u201d. Paralelamente se fue disolviendo el \u201cperiodismo cr\u00edtico\u201d. <br \/>Esto nos coloca en la pista del proceso que se ha ido dando dentro de esos medios. La censura estatal burda en el mundo occidental ha casi desaparecido, pero ha sido reemplazada, entre otras, por la censura interna que se verifica en las redacciones. Y la censura interna es m\u00e1s f\u00e1cil de aplicar cuando los periodistas han asumido los valores que los medios pregonan: pero que est\u00e1n todos ellos subordinados al claro objetivo de la mayor rentabilidad: la censura se convirti\u00f3 en autocensura. Agreguemos a esto que la rentabilidad se obtiene por la venta de espacios publicitarios y que estos son definidos por las empresas y las agencias de publicidad (muchas veces pertenecientes a los mismos grupos empresario). Ambas est\u00e1n regidas por objetivos comunes: llegar a la conciencia del mayor n\u00famero posible de consumidores por los caminos m\u00e1s efectivos. Esta mercantilizaci\u00f3n penetra en los medios que apelan a todo tipo de trucos para vender (CD, DVD, revistas, juegos con premios). <br \/>Ramonet nos advierte: \u201cLo cual refuerza la confusi\u00f3n entre informaci\u00f3n y mercanc\u00eda, con el riesgo de que los lectores ya no sepan qu\u00e9 es lo que compran. As\u00ed es como los diarios enturbian m\u00e1s su identidad, desvalorizan el t\u00edtulo y ponen en marcha un engranaje diab\u00f3lico que nadie sabe en que acabar\u00e1\u201d. Creo que hoy todo ello describe la situaci\u00f3n actual de los medios, hasta tanto no seamos capaces de convertirnos en, por lo menos, consumidores cr\u00edticos y selectivos. Esto podr\u00eda hacer sentir las preferencias de un p\u00fablico que demanda bienes culturales y no camuflaje de mercado. Me pareci\u00f3 impactante la figura del \u201cengranaje diab\u00f3lico\u201d utilizada por quien sabe mucho de ello porque se encuentra en el coraz\u00f3n mismo de este proyecto devastador.<br \/>Planteado lo anterior se puede comprender la conducta de un diario \u201cserio\u201d: La Naci\u00f3n\u201d. Habi\u00e9ndose hecho p\u00fablico que uno de sus abogados es el Dr. Roberto Durrieu, que fue funcionario del Proceso Militar. H\u00e9ctor Timerman, envi\u00f3 una carta a ese diario, publicada el 16-9-07 en la secci\u00f3n \u201ccartas de lectores\u201d, denunciando el papel de este abogado en el secuestro de su padre. El diario \u201cserio\u201d mutil\u00f3 esa carta, censurando los pasajes que compromet\u00edan a este funcionario y a opiniones editoriales que se hab\u00edan emitido con anterioridad. \u00bfEs eso libertad de prensa? \u00bfCon qu\u00e9 autoridad este diario habla de libertad de prensa? \u00bfNo se le podr\u00eda decir que \u201cel que est\u00e1 libre de pecados arroje la primera piedra\u201d?<\/p>\n","protected":false},"excerpt":{"rendered":"<p>Hace m\u00e1s de un a\u00f1o el director del peri\u00f3dico Le Monde Diplomatique, Ignacio Ramonet, analizaba la situaci\u00f3n de las publicaciones period\u00edsticas en Europa y dec\u00eda: \u201cLa disminuci\u00f3n de la difusi\u00f3n de peri\u00f3dicos, su cada vez mayor concentraci\u00f3n en un pu\u00f1ado de grupos industriales y su mayor dependencia de los intereses econ\u00f3micos de esos grupos caracterizan [&hellip;]<\/p>\n","protected":false},"author":1,"featured_media":0,"comment_status":"open","ping_status":"open","sticky":false,"template":"","format":"standard","meta":{"footnotes":""},"categories":[1],"tags":[],"class_list":["post-722","post","type-post","status-publish","format-standard","hentry","category-sin-categoria"],"_links":{"self":[{"href":"https:\/\/ricardovicentelopez.com.ar\/index.php?rest_route=\/wp\/v2\/posts\/722","targetHints":{"allow":["GET"]}}],"collection":[{"href":"https:\/\/ricardovicentelopez.com.ar\/index.php?rest_route=\/wp\/v2\/posts"}],"about":[{"href":"https:\/\/ricardovicentelopez.com.ar\/index.php?rest_route=\/wp\/v2\/types\/post"}],"author":[{"embeddable":true,"href":"https:\/\/ricardovicentelopez.com.ar\/index.php?rest_route=\/wp\/v2\/users\/1"}],"replies":[{"embeddable":true,"href":"https:\/\/ricardovicentelopez.com.ar\/index.php?rest_route=%2Fwp%2Fv2%2Fcomments&post=722"}],"version-history":[{"count":0,"href":"https:\/\/ricardovicentelopez.com.ar\/index.php?rest_route=\/wp\/v2\/posts\/722\/revisions"}],"wp:attachment":[{"href":"https:\/\/ricardovicentelopez.com.ar\/index.php?rest_route=%2Fwp%2Fv2%2Fmedia&parent=722"}],"wp:term":[{"taxonomy":"category","embeddable":true,"href":"https:\/\/ricardovicentelopez.com.ar\/index.php?rest_route=%2Fwp%2Fv2%2Fcategories&post=722"},{"taxonomy":"post_tag","embeddable":true,"href":"https:\/\/ricardovicentelopez.com.ar\/index.php?rest_route=%2Fwp%2Fv2%2Ftags&post=722"}],"curies":[{"name":"wp","href":"https:\/\/api.w.org\/{rel}","templated":true}]}}