{"id":721,"date":"2007-10-11T18:28:00","date_gmt":"2007-10-11T18:28:00","guid":{"rendered":"http:\/\/ricardovicentelopez.com.ar\/?p=721"},"modified":"2015-03-21T15:21:31","modified_gmt":"2015-03-21T15:21:31","slug":"el-tomate-periodistico","status":"publish","type":"post","link":"https:\/\/ricardovicentelopez.com.ar\/?p=721","title":{"rendered":"El tomate period\u00edstico"},"content":{"rendered":"<p>La vor\u00e1gine informativa nos arrastra a someternos a la l\u00f3gica del periodismo. Debe entenderse por periodismo eso que se hace hoy en los medios masivos, muy lejos de lo que hayan sido en otros tiempos las plumas que se pod\u00edan leer en los peri\u00f3dicos como, por ejemplo, Ortega y Gasset escribiendo en La Naci\u00f3n. Pero dej\u00e9monos de nostalgias. Sin embargo, esta sensaci\u00f3n deprimente que le ataca a uno cuando abre un peri\u00f3dico, escucha la radio o ve televisi\u00f3n no es algo que s\u00f3lo me pase a m\u00ed. Por ello me sent\u00ed mejor cuando le\u00ed las palabras que Ignacio Ramonet dijo, hace pocos d\u00edas, en la clausura de la Bienal Iberoamericana de Comunicaci\u00f3n en C\u00f3rdoba (Argentina). Despu\u00e9s de detallar el estado actual de los medios masivos y las consecuencias que ello tiene en la conformaci\u00f3n de la \u201copini\u00f3n p\u00fablica\u201d (sobre ello hablar\u00e9 en otra nota) nos alent\u00f3 a seguir teniendo esperanzas porque el p\u00fablico comienza a darse cuenta de sus juegos. Seg\u00fan este profesor de la Sorbona de Par\u00eds ha comenzado a generarse un gran descr\u00e9dito de \u201clas verdades\u201d de estos medios.<br \/>Dijo entonces: \u201cEn la mayor\u00eda de los pa\u00edses \u2013 no s\u00e9 si es el caso en Argentina- se han desarrollado  ediciones c\u00f3micas que tienen vocaci\u00f3n por hacer re\u00edr en los que los tema es el telediario, y los periodistas son los personajes m\u00e1s payasos de la sociedad\u201d. A partir de all\u00ed dio unos cuantos ejemplos acerca de c\u00f3mo funciona el humor como modo de expresar el descreimiento sobre alg\u00fan tema. Sostuvo que cuando se toman sat\u00edricamente las afirmaciones que circulan en la informaci\u00f3n p\u00fablica esto indica que el gran p\u00fablico ya no cree en ella. Bien, esto abre un \u00e1mbito de espera para ver estas manifestaciones en nuestro pa\u00eds.<br \/>Como cierre de sus palabras exhort\u00f3 a que deber\u00edamos iniciar un nuevo camino para que circule la informaci\u00f3n y que \u00e9sta sea cre\u00edble: \u201cHay que desarrollar la comunicaci\u00f3n comunitaria, hay que crear una nueva generaci\u00f3n de periodistas \u2013no estar condenados a hacer lo mismo que sus predecesores- porque el mundo medi\u00e1tico est\u00e1 viviendo una revoluci\u00f3n radical y esa nueva generaci\u00f3n debe utilizar Internet con sentido de la creatividad, con sentido de la imaginaci\u00f3n para inventar el periodismo  de nuestro tiempo. Una informaci\u00f3n mejor es posible y entre todos lo vamos a lograr\u00bb.<br \/>Todo esto viene a cuento de los dolores de cabeza que les estamos dando al tomate. Nunca este pobre fruto se ha sentido m\u00e1s vapuleado, m\u00e1s desprestigiado, m\u00e1s insultado, que en estos d\u00edas. Pero me he encontrado con un comentario radial en el que uno de los periodistas de la mesa le propuso a sus compa\u00f1eros que trataran de adivinar de cu\u00e1ndo era la noticia que les iba a leer. Esta noticia hablaba de una suba del tomate del 360% debido a dificultades clim\u00e1ticas en la zona. Ninguno pudo acertar con la respuesta. Entonces, el que propon\u00eda el acertijo inform\u00f3: apareci\u00f3 en diario Los Andes de Mendoza en noviembre del 2006. Para completar el juego les pidi\u00f3 a sus compa\u00f1eros que buscaran en Internet los diarios y revistas de aquella \u00e9poca y se fijaran si alguno de ellos hab\u00eda hecho alg\u00fan comentario en lugar destacado de semejante aumento.<br \/>Ahora bien, un alimento que puede ser sustituido por otros, que hasta no hace tanto tiempo era un fruto estacional que se consum\u00eda en per\u00edodo muy corto del a\u00f1o, \u00bfa qu\u00e9 se debe que se haya convertido en noticia relevante de todos los medios? Noticia que dentro de unos pocos d\u00edas desaparecer\u00e1. No quiero avanzar con conjeturas, se las dejo al amable lector.<\/p>\n","protected":false},"excerpt":{"rendered":"<p>La vor\u00e1gine informativa nos arrastra a someternos a la l\u00f3gica del periodismo. Debe entenderse por periodismo eso que se hace hoy en los medios masivos, muy lejos de lo que hayan sido en otros tiempos las plumas que se pod\u00edan leer en los peri\u00f3dicos como, por ejemplo, Ortega y Gasset escribiendo en La Naci\u00f3n. Pero [&hellip;]<\/p>\n","protected":false},"author":1,"featured_media":0,"comment_status":"open","ping_status":"open","sticky":false,"template":"","format":"standard","meta":{"footnotes":""},"categories":[1],"tags":[],"class_list":["post-721","post","type-post","status-publish","format-standard","hentry","category-sin-categoria"],"_links":{"self":[{"href":"https:\/\/ricardovicentelopez.com.ar\/index.php?rest_route=\/wp\/v2\/posts\/721","targetHints":{"allow":["GET"]}}],"collection":[{"href":"https:\/\/ricardovicentelopez.com.ar\/index.php?rest_route=\/wp\/v2\/posts"}],"about":[{"href":"https:\/\/ricardovicentelopez.com.ar\/index.php?rest_route=\/wp\/v2\/types\/post"}],"author":[{"embeddable":true,"href":"https:\/\/ricardovicentelopez.com.ar\/index.php?rest_route=\/wp\/v2\/users\/1"}],"replies":[{"embeddable":true,"href":"https:\/\/ricardovicentelopez.com.ar\/index.php?rest_route=%2Fwp%2Fv2%2Fcomments&post=721"}],"version-history":[{"count":0,"href":"https:\/\/ricardovicentelopez.com.ar\/index.php?rest_route=\/wp\/v2\/posts\/721\/revisions"}],"wp:attachment":[{"href":"https:\/\/ricardovicentelopez.com.ar\/index.php?rest_route=%2Fwp%2Fv2%2Fmedia&parent=721"}],"wp:term":[{"taxonomy":"category","embeddable":true,"href":"https:\/\/ricardovicentelopez.com.ar\/index.php?rest_route=%2Fwp%2Fv2%2Fcategories&post=721"},{"taxonomy":"post_tag","embeddable":true,"href":"https:\/\/ricardovicentelopez.com.ar\/index.php?rest_route=%2Fwp%2Fv2%2Ftags&post=721"}],"curies":[{"name":"wp","href":"https:\/\/api.w.org\/{rel}","templated":true}]}}