{"id":719,"date":"2007-10-24T19:26:00","date_gmt":"2007-10-24T19:26:00","guid":{"rendered":"http:\/\/ricardovicentelopez.com.ar\/?p=719"},"modified":"2015-03-21T15:21:31","modified_gmt":"2015-03-21T15:21:31","slug":"pensando-hacia-adelante","status":"publish","type":"post","link":"https:\/\/ricardovicentelopez.com.ar\/?p=719","title":{"rendered":"Pensando hacia adelante"},"content":{"rendered":"<p>Estamos muy cerca de la definici\u00f3n electoral y, aunque todo pareciera decir que la \u201celecci\u00f3n\u201d ya est\u00e1 hecha, no debemos quedarnos con la mente en octubre y pensar qu\u00e9 deber\u00edamos exigirle al pr\u00f3ximo gobierno dado las materias que estamos lejos por debajo de cuatro, es decir no aprobadas. Y el uso de la primera persona del plural intenta introducirnos en un pensamiento de tipo comunitario, que nos incluya a todos y nos permita asumir la cuota de culpas, irresponsabilidades, desidias, desentendimientos, en la que hemos ca\u00eddo como comunidad nacional. Continuar depositando en los dirigentes las falencias que asolan a nuestra Argentina es, por lo menos, caer en un autismo pol\u00edtico que es una parte importante de las causas que nos ha depositado en este presente.<br \/>Nuestra realidad de hoy, aunque es conocida por todos, requiere de un recordatorio de temas fundamentales. Creo que en primer lugar debe colocarse la miseria reinante para una parte nada despreciable de nuestra poblaci\u00f3n, y aqu\u00ed despreciable tiene varias acepciones. Si bien se puede decir que no es despreciable en cantidad, lo es tambi\u00e9n por el desentendimiento que de ella hacemos. Hay datos que lo demuestran: la colecta \u201cm\u00e1s x menos\u201d de Caritas cada a\u00f1o recibe menos aportes en un pa\u00eds que ha mejorado notablemente su promedio de ingresos. Si bien es cierto que el promedio siempre enga\u00f1a respecto de su distribuci\u00f3n, por lo menos aquellos que m\u00e1s han recibido no lo reflejan en lo que aportan. El consumo ostentoso, el aumento del turismo interno, la facturaci\u00f3n de los grandes centros comerciales, son un indicativo de que un sector de la poblaci\u00f3n, aunque no sea importante si lo es el nivel de sus gastos, dispone de un plus que lo dedica a s\u00ed mismo. No estoy hablando de privarse de todo, simplemente recordar que hay otro sector que no recibe nada.<br \/>Esto est\u00e1 ligado directamente a c\u00f3mo percibe la situaci\u00f3n ese sector privilegiado cuando refleja su modo de entender el problema son su voto. Si dirigentes que exponen el tema de la seguridad sosteniendo que se resuelve con la polic\u00eda recogen una cantidad importantes de votos queda claro que para aquellos el problema les es ajeno. No relacionan miseria con delito. Olvidan que la fiesta de los noventa fue para algunos mientras otros perd\u00edan sus puestos por f\u00e1bricas cerradas. Cuando hoy comienza a verse que estamos frente a la tercera generaci\u00f3n de ni\u00f1os que no vieron trabajar a sus padres ni a sus abuelos y que el trabajo perdi\u00f3 el car\u00e1cter de dignificador de la persona, acusar a aquellos que caen en la delincuencia es, en el mejor de los casos, una liviandad.<br \/>Entonces, creo que la Argentina del 2008 en adelante debe ser pensada como un problema de todos, superando las parcialidades pol\u00edticas pero acordando prioridades comunes, encontrando o construyendo espacios de debate pol\u00edtico que nos permita hablar y escucharnos a todos a partir del compromiso de pensar para todos, incluyendo pensar en aquellos que perdieron la posibilidad y la voluntad de hacer o\u00edr sus reclamos. El futuro es el resultado del esfuerzo compartido o es el fracaso de todos como Naci\u00f3n. Debiendo recordar que este mundo globalizado ya no es el receptor de los emigrantes, sino, por el contrario es el expulsador de aquellos que intentan resolver su futuro en el extranjero.<\/p>\n","protected":false},"excerpt":{"rendered":"<p>Estamos muy cerca de la definici\u00f3n electoral y, aunque todo pareciera decir que la \u201celecci\u00f3n\u201d ya est\u00e1 hecha, no debemos quedarnos con la mente en octubre y pensar qu\u00e9 deber\u00edamos exigirle al pr\u00f3ximo gobierno dado las materias que estamos lejos por debajo de cuatro, es decir no aprobadas. Y el uso de la primera persona [&hellip;]<\/p>\n","protected":false},"author":1,"featured_media":0,"comment_status":"open","ping_status":"open","sticky":false,"template":"","format":"standard","meta":{"footnotes":""},"categories":[1],"tags":[],"class_list":["post-719","post","type-post","status-publish","format-standard","hentry","category-sin-categoria"],"_links":{"self":[{"href":"https:\/\/ricardovicentelopez.com.ar\/index.php?rest_route=\/wp\/v2\/posts\/719","targetHints":{"allow":["GET"]}}],"collection":[{"href":"https:\/\/ricardovicentelopez.com.ar\/index.php?rest_route=\/wp\/v2\/posts"}],"about":[{"href":"https:\/\/ricardovicentelopez.com.ar\/index.php?rest_route=\/wp\/v2\/types\/post"}],"author":[{"embeddable":true,"href":"https:\/\/ricardovicentelopez.com.ar\/index.php?rest_route=\/wp\/v2\/users\/1"}],"replies":[{"embeddable":true,"href":"https:\/\/ricardovicentelopez.com.ar\/index.php?rest_route=%2Fwp%2Fv2%2Fcomments&post=719"}],"version-history":[{"count":0,"href":"https:\/\/ricardovicentelopez.com.ar\/index.php?rest_route=\/wp\/v2\/posts\/719\/revisions"}],"wp:attachment":[{"href":"https:\/\/ricardovicentelopez.com.ar\/index.php?rest_route=%2Fwp%2Fv2%2Fmedia&parent=719"}],"wp:term":[{"taxonomy":"category","embeddable":true,"href":"https:\/\/ricardovicentelopez.com.ar\/index.php?rest_route=%2Fwp%2Fv2%2Fcategories&post=719"},{"taxonomy":"post_tag","embeddable":true,"href":"https:\/\/ricardovicentelopez.com.ar\/index.php?rest_route=%2Fwp%2Fv2%2Ftags&post=719"}],"curies":[{"name":"wp","href":"https:\/\/api.w.org\/{rel}","templated":true}]}}