{"id":710,"date":"2007-12-05T19:37:00","date_gmt":"2007-12-05T19:37:00","guid":{"rendered":"http:\/\/ricardovicentelopez.com.ar\/?p=710"},"modified":"2015-03-21T15:21:31","modified_gmt":"2015-03-21T15:21:31","slug":"la-ignorancia-sobre-la-nacion-ii","status":"publish","type":"post","link":"https:\/\/ricardovicentelopez.com.ar\/?p=710","title":{"rendered":"La ignorancia sobre la Naci\u00f3n  &#8211; II"},"content":{"rendered":"<p>Avanzando en la lectura, encontr\u00e9 en Fichte otras semejanzas con nuestra historia, dignas de ser mencionadas. Ese \u201chundimiento paulatino\u201d que \u00e9l observa en aquella Alemania no es muy diferente al de nuestras \u00faltimas d\u00e9cadas. Alemania ven\u00eda de una etapa en que la comunidad hab\u00eda logrado grandes progresos, seg\u00fan \u00e9l: \u00abPara s\u00ed mismos necesitaban poco, para empresas comunes efectuaban ingentes gastos. Raras veces sobresale y se distingue aisladamente un nombre; todos mostraban el mismo sentido y entrega a la comunidad\u00bb. Aun aceptando que haya una gran dosis de idealizaci\u00f3n en la descripci\u00f3n de ese pasado, debemos rescatar de esa historia el sentimiento colectivo de comunidad, identificada con una patria, que empujaba al emprendimiento de grandes realizaciones en pos de un destino com\u00fan. <br \/>Todav\u00eda en aquella Alemania no hab\u00eda penetrado la idea del individualismo burgu\u00e9s de cu\u00f1o anglosaj\u00f3n. Por ello Fichte exhorta al cuidado y protecci\u00f3n del mercado interno, que no es s\u00f3lo un objetivo econ\u00f3mico, es fundamentalmente la preservaci\u00f3n de la cultura nacional sostenida por su base de pueblo, como \u00e9l defiende. Advirtiendo que: \u00abCiertamente entre nosotros hubo pensadores de segunda fila y faltos de originalidad que imitaron doctrinas del extranjero \u2013mejor la del extranjero, seg\u00fan parece, que la de sus compatriotas- tan f\u00e1cil de conseguir, pues lo primero les parec\u00eda m\u00e1s selecto; estos pensadores intentaron convencerse a s\u00ed mismos de ello en la medida de lo posible. Pero all\u00ed donde se mov\u00eda el esp\u00edritu alem\u00e1n de manera aut\u00f3noma, surgi\u00f3 la tarea de buscar crear una filosof\u00eda propia, convirtiendo, como deb\u00eda ser, el pensamiento libre en fuente de verdad independiente\u00bb.<br \/>Pareciera que este fil\u00f3sofo alem\u00e1n nos habla a trav\u00e9s de los siglos de lo que nos ha ocurrido a nosotros. No deja de sorprender cu\u00e1ntas semejanzas, a pesar de la distancia en tiempo y geograf\u00eda. Pensadores (\u00a1!\u00bf?) de \u201csegunda fila\u201d abundan por estas tierras y \u201cfaltos de originalidad\u201d absorben extasiados doctrinas extra\u00f1as a nuestra idiosincrasia, pero muy afines con los prop\u00f3sitos de los \u201cdue\u00f1os del mundo\u201d, muchas veces ocultos a su ignorancia. La importaci\u00f3n de ideas ha sido una de las tareas m\u00e1s fruct\u00edferas en los medios intelectuales. Citar lo \u00faltimo que se escribi\u00f3 o dijo en cualquier lugar de los pa\u00edses centrales, importando muy poco la calidad de lo afirmado, da patente de persona culta y bien informada (\u00bfo deformada?). <br \/>Podr\u00edamos parafrasear diciendo: \u201cpero all\u00ed donde se movi\u00f3 el esp\u00edritu indoamericano de manera aut\u00f3noma, surgi\u00f3 la tarea de crear la filosof\u00eda de la liberaci\u00f3n, convirti\u00e9ndose en un pensamiento libre, fuente de verdad independiente\u201d. Y diagnostica nuestro autor: \u00abMientras no volvamos a producir nada digno de tenerse en cuenta, entre los medios concretos y espec\u00edficos para elevar al esp\u00edritu alem\u00e1n, uno muy eficaz ser\u00eda disponer de una historia fascinante de los alemanes de esa \u00e9poca que fuese libro nacional y popular\u2026 S\u00f3lo que una historia as\u00ed no tendr\u00eda que narrar los acontecimientos a modo de cr\u00f3nica, sino que tendr\u00eda que meternos dentro de la vida de aquella \u00e9poca impresion\u00e1ndonos profundamente\u2026 y esto, no mediante invenciones infantiles, como tantas novelas hist\u00f3ricas han hecho, sino mediante la verdad; de su vida deber\u00edan dejarnos entrever los hechos y acontecimientos como testimonio de la misma\u00bb.<br \/>Nos est\u00e1 hablando de nuestra \u201chistoria oficial\u201d y de la necesidad de reescribir la \u201chistoria de nuestra patria y la de nuestro continente\u201d, para reencontrarnos con un pasado que nos devuelva la dignidad de ser lo que promet\u00edamos ser. En esa senda descubriremos nuestra originalidad como pueblo que nos devolver\u00e1 nuestra identidad y nuestra autoestima.<\/p>\n","protected":false},"excerpt":{"rendered":"<p>Avanzando en la lectura, encontr\u00e9 en Fichte otras semejanzas con nuestra historia, dignas de ser mencionadas. Ese \u201chundimiento paulatino\u201d que \u00e9l observa en aquella Alemania no es muy diferente al de nuestras \u00faltimas d\u00e9cadas. Alemania ven\u00eda de una etapa en que la comunidad hab\u00eda logrado grandes progresos, seg\u00fan \u00e9l: \u00abPara s\u00ed mismos necesitaban poco, para [&hellip;]<\/p>\n","protected":false},"author":1,"featured_media":0,"comment_status":"open","ping_status":"open","sticky":false,"template":"","format":"standard","meta":{"footnotes":""},"categories":[1],"tags":[],"class_list":["post-710","post","type-post","status-publish","format-standard","hentry","category-sin-categoria"],"_links":{"self":[{"href":"https:\/\/ricardovicentelopez.com.ar\/index.php?rest_route=\/wp\/v2\/posts\/710","targetHints":{"allow":["GET"]}}],"collection":[{"href":"https:\/\/ricardovicentelopez.com.ar\/index.php?rest_route=\/wp\/v2\/posts"}],"about":[{"href":"https:\/\/ricardovicentelopez.com.ar\/index.php?rest_route=\/wp\/v2\/types\/post"}],"author":[{"embeddable":true,"href":"https:\/\/ricardovicentelopez.com.ar\/index.php?rest_route=\/wp\/v2\/users\/1"}],"replies":[{"embeddable":true,"href":"https:\/\/ricardovicentelopez.com.ar\/index.php?rest_route=%2Fwp%2Fv2%2Fcomments&post=710"}],"version-history":[{"count":0,"href":"https:\/\/ricardovicentelopez.com.ar\/index.php?rest_route=\/wp\/v2\/posts\/710\/revisions"}],"wp:attachment":[{"href":"https:\/\/ricardovicentelopez.com.ar\/index.php?rest_route=%2Fwp%2Fv2%2Fmedia&parent=710"}],"wp:term":[{"taxonomy":"category","embeddable":true,"href":"https:\/\/ricardovicentelopez.com.ar\/index.php?rest_route=%2Fwp%2Fv2%2Fcategories&post=710"},{"taxonomy":"post_tag","embeddable":true,"href":"https:\/\/ricardovicentelopez.com.ar\/index.php?rest_route=%2Fwp%2Fv2%2Ftags&post=710"}],"curies":[{"name":"wp","href":"https:\/\/api.w.org\/{rel}","templated":true}]}}