{"id":709,"date":"2007-12-11T20:17:00","date_gmt":"2007-12-11T20:17:00","guid":{"rendered":"http:\/\/ricardovicentelopez.com.ar\/?p=709"},"modified":"2015-03-21T15:21:31","modified_gmt":"2015-03-21T15:21:31","slug":"hablar-no-es-facil","status":"publish","type":"post","link":"https:\/\/ricardovicentelopez.com.ar\/?p=709","title":{"rendered":"Hablar no es f\u00e1cil"},"content":{"rendered":"<p>Hace unos seis meses escrib\u00ed una nota en la que llamaba la atenci\u00f3n del \u201cdistinguido p\u00fablico\u201d respecto a las reflexiones, notablemente \u201csesudas\u201d, referidas a las capacidades que podr\u00eda tener una mujer, y no cualquier mujer, para ejercer la Presidencia de la Naci\u00f3n. Si la persona que estuviera en cuesti\u00f3n fuera Valeria Mazza (con todo respeto, como se dice cuando uno va a faltarle el respeto a alguien), o lo mismo da Moria Cas\u00e1n, etc. el tema podr\u00eda ser sometido a debate. Si Gran Hermano y Tinelli tienen el p\u00fablico que tienen, si Macri gan\u00f3 en Buenos Aires, uno deber\u00eda aceptar que \u201chay gusto para todo\u201d, como afirma la sabidur\u00eda popular.<br \/>Dec\u00eda yo, en aquella oportunidad, que un debate de tal calibre deber\u00eda imponerse la totalidad de la ciudadan\u00eda cada vez que enfrentemos una elecci\u00f3n presidencial, y \u00bfpor qu\u00e9 no de las otras? Sin embargo, hemos tenido cada presidente que \u201csupimos conseguir\u201d que no da para hacernos los inteligentes y exquisitos. Pero si saqu\u00e9 a relucir la cuesti\u00f3n de g\u00e9nero es porque la candidata de aquel entonces estaba recibiendo un trato que no se le hab\u00eda dispensado a otras que tambi\u00e9n lo fueron y hasta a algunas de ellas que fueron elegidas. Ruego hacer un ejercicio de memoria hist\u00f3rica y colocar a cada quien en su casillero. Entonces, el problema resid\u00eda para m\u00ed en las condiciones de cualquier candidato, por ello escrib\u00eda: <br \/>\u201cPor lo que creo que deber\u00edamos centrarnos en qu\u00e9 piensa, qu\u00e9 dice que va a hacer, qu\u00e9 propone. Y cuando se escribe, se habla por radio o televisi\u00f3n, tanto sobre este tema lo que no aparece es lo que voy a proponer: a) que se le revise el \u201ccurr\u00edculum\u201d (o como se deba llamar) a todo candidato a la presidencia, b) que se le tome luego un test de inteligencia y un examen de conocimientos generales, c) que redacte ante un jurado, debidamente seleccionado, una m\u00ednima monograf\u00eda sobre por qu\u00e9 cree que tiene condiciones para ser presidente, y d) que se habilite a presentarse a elecciones a los que hayan aprobado. Y dejemos de lado si es hombre o es mujer\u201d.<br \/>Ha pasado el tiempo y aquella candidata se ha sentado ahora en el Sill\u00f3n de Rivadavia (con perd\u00f3n de la palabra). No s\u00f3lo se ha sentado, antes de ello, ha tenido el coraje de dirigirse a la Asamblea Legislativa sin un papel en la mano e improvisar su discurso de asunci\u00f3n del mando, como le dicen. Y, para colmo, tuvo la osad\u00eda de improvisar una pieza oratoria de calidad tal que si fuera condici\u00f3n para sumir el sill\u00f3n hubiera quedado vacante much\u00edsimas veces. Y, para completarla, esa pieza oratoria toc\u00f3 temas cruciales con una profundidad doctrinaria digna de m\u00e1s de una c\u00e1tedra.<br \/>\u00bfPor qu\u00e9 vuelvo sobre el tema de esta mujer? Porque debo decir, como viejo docente, que en un final yo le hubiera puesto 10 (diez) Felicitado! No faltar\u00e1n las voces de siempre que me dir\u00e1n \u201chablar es f\u00e1cil\u201d, el problema es si es capaz de hacerlo. Primero, debo decir a tal opinador que hablar no es f\u00e1cil, si no p\u00f3ngase Ud. a hablar 45 minutos, con coherencia, con conocimiento del tema, con la certeza que s\u00f3lo da la convicci\u00f3n profunda y luego seguimos avanzando. Segundo, lo que sea capaz de hacer s\u00f3lo depende de ella en parte, la otra depende de todos nosotros. Pero si Ud. es uno de esos que va a la cancha de f\u00fatbol a criticar como juega su equipo y Ud. nunca pati\u00f3 una pelota, y sin embargo, ello no lo inhibe para que arme y desarme el equipo varias veces proponiendo idealidades irrealizables, todo lo que pueda hacer le parecer\u00e1 defectuoso. No estoy seguro de haber sido claro. Bien: lleg\u00f3 la hora de que ella cumpla con lo dicho.<\/p>\n","protected":false},"excerpt":{"rendered":"<p>Hace unos seis meses escrib\u00ed una nota en la que llamaba la atenci\u00f3n del \u201cdistinguido p\u00fablico\u201d respecto a las reflexiones, notablemente \u201csesudas\u201d, referidas a las capacidades que podr\u00eda tener una mujer, y no cualquier mujer, para ejercer la Presidencia de la Naci\u00f3n. Si la persona que estuviera en cuesti\u00f3n fuera Valeria Mazza (con todo respeto, [&hellip;]<\/p>\n","protected":false},"author":1,"featured_media":0,"comment_status":"open","ping_status":"open","sticky":false,"template":"","format":"standard","meta":{"footnotes":""},"categories":[1],"tags":[],"class_list":["post-709","post","type-post","status-publish","format-standard","hentry","category-sin-categoria"],"_links":{"self":[{"href":"https:\/\/ricardovicentelopez.com.ar\/index.php?rest_route=\/wp\/v2\/posts\/709","targetHints":{"allow":["GET"]}}],"collection":[{"href":"https:\/\/ricardovicentelopez.com.ar\/index.php?rest_route=\/wp\/v2\/posts"}],"about":[{"href":"https:\/\/ricardovicentelopez.com.ar\/index.php?rest_route=\/wp\/v2\/types\/post"}],"author":[{"embeddable":true,"href":"https:\/\/ricardovicentelopez.com.ar\/index.php?rest_route=\/wp\/v2\/users\/1"}],"replies":[{"embeddable":true,"href":"https:\/\/ricardovicentelopez.com.ar\/index.php?rest_route=%2Fwp%2Fv2%2Fcomments&post=709"}],"version-history":[{"count":0,"href":"https:\/\/ricardovicentelopez.com.ar\/index.php?rest_route=\/wp\/v2\/posts\/709\/revisions"}],"wp:attachment":[{"href":"https:\/\/ricardovicentelopez.com.ar\/index.php?rest_route=%2Fwp%2Fv2%2Fmedia&parent=709"}],"wp:term":[{"taxonomy":"category","embeddable":true,"href":"https:\/\/ricardovicentelopez.com.ar\/index.php?rest_route=%2Fwp%2Fv2%2Fcategories&post=709"},{"taxonomy":"post_tag","embeddable":true,"href":"https:\/\/ricardovicentelopez.com.ar\/index.php?rest_route=%2Fwp%2Fv2%2Ftags&post=709"}],"curies":[{"name":"wp","href":"https:\/\/api.w.org\/{rel}","templated":true}]}}