{"id":707,"date":"2007-12-26T20:43:00","date_gmt":"2007-12-26T20:43:00","guid":{"rendered":"http:\/\/ricardovicentelopez.com.ar\/?p=707"},"modified":"2015-03-21T15:21:31","modified_gmt":"2015-03-21T15:21:31","slug":"esta-bien-pero-falta-bastante","status":"publish","type":"post","link":"https:\/\/ricardovicentelopez.com.ar\/?p=707","title":{"rendered":"Est\u00e1 bien, pero falta bastante"},"content":{"rendered":"<p>En esta p\u00e1gina, en diversas oportunidades, he defendido a nuestra actual presidenta. Sobre todo cuando se pon\u00eda en duda su capacidad para gobernar. No porque yo tuviera certeza de que tiene una capacidad probada, sino porque me parec\u00eda percibir que se colaba en las cr\u00edticas un aire machista muy bien encubierto. A esto debe agregarse un dato que me sorprendi\u00f3, sobre todo por quienes hac\u00edan este an\u00e1lisis: se habl\u00f3 despu\u00e9s de las elecciones de un voto \u201cgorila\u201d, palabra casi en desuso. Estos dos aspectos, de la realidad social y pol\u00edtica de nuestro tiempo, merecen una reflexi\u00f3n m\u00e1s detenida que, por ahora, se la cedo al lector.<br \/>Yo me he dicho que los cuatro a\u00f1os anteriores tienen logros que no se pueden ocultar. Para quienes se resisten a ello los invito a hacer un ejercicio intelectual: col\u00f3quense mentalmente en el 2002 y traten de recordar los pron\u00f3sticos que se hac\u00edan desde los distintos \u00e1mbitos del arco pol\u00edtico. Luego comp\u00e1rese con el estado actual de cosas. S\u00e9 que van a aparecer los que digan que nos ha tocado una situaci\u00f3n internacional muy ventajosa que ha favorecido el logro de esos resultados. Bien, acept\u00e9moslo. Ahora hagamos un segundo ejercicio: coloquemos en la presidencia a cualquiera de los contendientes del 2003 e imaginemos los resultados que hoy ver\u00edamos. Si les da igual o mejor no sigan leyendo estas l\u00edneas, es muy poco de lo que podemos hablar. Esto no significa acreditar todos los m\u00e9ritos al presidente saliente, pero\u2026<br \/>Llegados a este punto volvamos a la situaci\u00f3n en que nos encontramos y a nuestra presidenta. Yo voy a decir, y me preparo para recibir tomates (a pesar del precio que tuvieron) m\u00e1s otras hortalizas por la cabeza, que valorando su capacidad intelectual y su formaci\u00f3n hace d\u00e9cadas que no tenemos a alguien de este calibre sentado en el sill\u00f3n presidencial. Lo demuestra en cada intervenci\u00f3n que le toca hacer uso de la palabra, y \u00a1c\u00f3mo la usa! No es s\u00f3lo una cuesti\u00f3n de oratoria, tambi\u00e9n la exposici\u00f3n doctrinaria que hace de los temas que aborda, comenzando por su mensaje a la Asamblea. Todo ello est\u00e1 hablando de capacidad de estadista.<br \/>Claro, falta nada m\u00e1s que ponga en realizaciones todo lo que promete, \u00a1nada m\u00e1s y nada menos! Y entonces, estaremos all\u00ed con mejores elementos en la mano para completar el juicio. Debemos acordar que venimos \u201csaliendo del infierno\u201d y que un camino de esta naturaleza no es ni sencillo ni corto. Pero, en alg\u00fan momento se tiene que acabar. Empezaremos a remontar la cuesta del crecimiento, que no debe ser entendido solamente como econ\u00f3mico, es mucho m\u00e1s importante que recuperemos la honestidad, la responsabilidad, la solidaridad, la equidad, el asumir y cumplir nuestros deberes, y asentarnos sobre la defensa de nuestra cultura nacional. Y esto vale para todos los \u201chombres del mundo que quieran habitar el suelo argentino\u201d. Porque s\u00f3lo as\u00ed tendremos el derecho de reclamar, denunciar, exigir que nuestros \u201crepresentantes\u201d cumplan con lo suyo.<br \/>Del camino del infierno todav\u00eda nos falta bastante. Porque hoy podemos o\u00edr a nuestros comerciantes contentos hablar de c\u00f3mo ha aumentado el consumo, y esto es bueno, habla de un mayor poder adquisitivo. Pero, \u00bfpara cu\u00e1ntos? Paralelamente al crecimiento de la producci\u00f3n y de las ventas \u00bfse sigue ampliando la brecha entre los que m\u00e1s tienen y los que menos tienen? Si es as\u00ed \u00bfc\u00f3mo se explica esto? Entonces, Sra. Presidenta a seguir avanzando, pero incluyendo a todos o, por lo menos por ahora, a muchos de los m\u00e1s necesitados. Todo ello \u00a1Por un mejor 2008!<\/p>\n","protected":false},"excerpt":{"rendered":"<p>En esta p\u00e1gina, en diversas oportunidades, he defendido a nuestra actual presidenta. Sobre todo cuando se pon\u00eda en duda su capacidad para gobernar. No porque yo tuviera certeza de que tiene una capacidad probada, sino porque me parec\u00eda percibir que se colaba en las cr\u00edticas un aire machista muy bien encubierto. A esto debe agregarse [&hellip;]<\/p>\n","protected":false},"author":1,"featured_media":0,"comment_status":"open","ping_status":"open","sticky":false,"template":"","format":"standard","meta":{"footnotes":""},"categories":[1],"tags":[],"class_list":["post-707","post","type-post","status-publish","format-standard","hentry","category-sin-categoria"],"_links":{"self":[{"href":"https:\/\/ricardovicentelopez.com.ar\/index.php?rest_route=\/wp\/v2\/posts\/707","targetHints":{"allow":["GET"]}}],"collection":[{"href":"https:\/\/ricardovicentelopez.com.ar\/index.php?rest_route=\/wp\/v2\/posts"}],"about":[{"href":"https:\/\/ricardovicentelopez.com.ar\/index.php?rest_route=\/wp\/v2\/types\/post"}],"author":[{"embeddable":true,"href":"https:\/\/ricardovicentelopez.com.ar\/index.php?rest_route=\/wp\/v2\/users\/1"}],"replies":[{"embeddable":true,"href":"https:\/\/ricardovicentelopez.com.ar\/index.php?rest_route=%2Fwp%2Fv2%2Fcomments&post=707"}],"version-history":[{"count":0,"href":"https:\/\/ricardovicentelopez.com.ar\/index.php?rest_route=\/wp\/v2\/posts\/707\/revisions"}],"wp:attachment":[{"href":"https:\/\/ricardovicentelopez.com.ar\/index.php?rest_route=%2Fwp%2Fv2%2Fmedia&parent=707"}],"wp:term":[{"taxonomy":"category","embeddable":true,"href":"https:\/\/ricardovicentelopez.com.ar\/index.php?rest_route=%2Fwp%2Fv2%2Fcategories&post=707"},{"taxonomy":"post_tag","embeddable":true,"href":"https:\/\/ricardovicentelopez.com.ar\/index.php?rest_route=%2Fwp%2Fv2%2Ftags&post=707"}],"curies":[{"name":"wp","href":"https:\/\/api.w.org\/{rel}","templated":true}]}}