{"id":704,"date":"2008-01-14T19:50:00","date_gmt":"2008-01-14T19:50:00","guid":{"rendered":"http:\/\/ricardovicentelopez.com.ar\/?p=704"},"modified":"2015-03-21T15:21:30","modified_gmt":"2015-03-21T15:21:30","slug":"la-debilidad-del-estado-y-la-concentracion-economica-ii","status":"publish","type":"post","link":"https:\/\/ricardovicentelopez.com.ar\/?p=704","title":{"rendered":"La debilidad del Estado y la concentraci\u00f3n econ\u00f3mica II"},"content":{"rendered":"<p>Nos han acostumbrado desde hace mucho tiempo a hablar del mercado, de sus logros, de sus l\u00edmites y de sus contraindicaciones. Esto tuvo su contraparte en las denuncias y cr\u00edticas de la intromisi\u00f3n del mercado (por medio de las privatizaciones) en sectores sociales: salud, educaci\u00f3n, pensiones, correos, comunicaciones, desarrollo econ\u00f3mico, etc. Esto nos obliga a pensar que se debe replantear el libre mercado, tal cual se practica hoy, porque su l\u00f3gica ha ido demasiado lejos, dado que se nos ha metido en todos los campos de la vida y ya podemos comprobar sus consecuencias. Hoy debemos llegar a la conclusi\u00f3n de que la defensa del neoliberalismo como doctrina y como proyecto, dice de Sebasti\u00e1n \u00abes una cortina de humo para ocultar el avance de la planificaci\u00f3n central\u201d, que practican los grandes monopolios que resultan de las fusiones y adquisiciones de los \u00faltimos a\u00f1os.<br \/>Parece que hemos ca\u00eddo en el enga\u00f1o que nos tendi\u00f3 el neoliberalismo. Al rescatar la vieja doctrina liberal de la defensa del individuo, que tuvo su raz\u00f3n de ser ante la omnipresencia arbitraria del estado absolutista de los siglos XVIII y XIX, cre\u00edmos sumarnos a la defensa de las libertades individuales, que se expresaban, seg\u00fan la actualizaci\u00f3n de esta doctrina. La estrategia fue astuta: se defiende la eficiencia del mercado en la asignaci\u00f3n de los recursos para dar la impresi\u00f3n que se lucha por la competencia, pero en realidad se trata de tapar el hecho de que se est\u00e1 reduciendo la competencia y destruyendo el mercado. El mercado y la competencia se est\u00e1n destruyendo en la medida en que se consolidan los enormes monopolios que est\u00e1n surgiendo ante nuestros ojos. Mientras discutimos con los apologistas del mercado, no nos ocupamos de quienes lo est\u00e1n destruyendo. El economista de Sebasti\u00e1n sintetiza en las siguientes tesis el estado actual del mercado internacional, escenario de la concentraci\u00f3n del poder, en todas sus variantes, econ\u00f3mico, pol\u00edtico y su incidencia en lo social:<br \/>a) Las empresas que m\u00e1s tiran de la econom\u00eda son empresas nuevas, en el sentido de que incorporan y se benefician de las nuevas tecnolog\u00edas, los nuevos productos relacionados con las telecomunicaciones, la inform\u00e1tica y la computaci\u00f3n y sus aplicaciones a sectores tradicionales, como la industria, la banca y el comercio. <br \/>b) Estas empresas tienen muchas veces objetivos a corto plazo: aumentar el valor de las empresas, es decir su cotizaci\u00f3n en bolsa, lo cual les interesa m\u00e1s que generar beneficios normales y distribuir dividendos. <br \/>c) La fuente de capital financiero son los grandes fondos de pensiones, de seguros y de inversi\u00f3n, que no son manejados por sus propietarios sino por especialistas que detentan un poder enorme para bien o para mal de muchas econom\u00edas, los nuevos gestores del poder mundializado. <br \/>d) La fusi\u00f3n de empresas, que lleva consigo la reducci\u00f3n del n\u00famero de las que operan y compiten en un sector, esta ampliando el radio de acci\u00f3n de la planificaci\u00f3n central en sectores cada vez mayores de la econom\u00eda. <br \/>e) Se est\u00e1 transformando la forma de trabajar, el concepto de empleo permanente y estable se est\u00e1 sustituyendo por el de empleo flexible, es decir cambiante e inestable, a la par que cambian los conceptos de lealtad, fidelidad del personal y su compromiso con una determinada empresa. <br \/>Las relaciones de los conglomerados empresariales con los gobiernos y otras administraciones p\u00fablicas est\u00e1n cambiando. Sobre todo en la cuesti\u00f3n de los impuestos, que se les sustrae a los estados a la vez que se echan nuevas cargas (los despidos masivos) sobre el sector p\u00fablico. Creo que debemos pensar desde este escenario de hoy el tipo, el momento y la cantidad de batallas a librar.<\/p>\n","protected":false},"excerpt":{"rendered":"<p>Nos han acostumbrado desde hace mucho tiempo a hablar del mercado, de sus logros, de sus l\u00edmites y de sus contraindicaciones. Esto tuvo su contraparte en las denuncias y cr\u00edticas de la intromisi\u00f3n del mercado (por medio de las privatizaciones) en sectores sociales: salud, educaci\u00f3n, pensiones, correos, comunicaciones, desarrollo econ\u00f3mico, etc. Esto nos obliga a [&hellip;]<\/p>\n","protected":false},"author":1,"featured_media":0,"comment_status":"open","ping_status":"open","sticky":false,"template":"","format":"standard","meta":{"footnotes":""},"categories":[1],"tags":[],"class_list":["post-704","post","type-post","status-publish","format-standard","hentry","category-sin-categoria"],"_links":{"self":[{"href":"https:\/\/ricardovicentelopez.com.ar\/index.php?rest_route=\/wp\/v2\/posts\/704","targetHints":{"allow":["GET"]}}],"collection":[{"href":"https:\/\/ricardovicentelopez.com.ar\/index.php?rest_route=\/wp\/v2\/posts"}],"about":[{"href":"https:\/\/ricardovicentelopez.com.ar\/index.php?rest_route=\/wp\/v2\/types\/post"}],"author":[{"embeddable":true,"href":"https:\/\/ricardovicentelopez.com.ar\/index.php?rest_route=\/wp\/v2\/users\/1"}],"replies":[{"embeddable":true,"href":"https:\/\/ricardovicentelopez.com.ar\/index.php?rest_route=%2Fwp%2Fv2%2Fcomments&post=704"}],"version-history":[{"count":0,"href":"https:\/\/ricardovicentelopez.com.ar\/index.php?rest_route=\/wp\/v2\/posts\/704\/revisions"}],"wp:attachment":[{"href":"https:\/\/ricardovicentelopez.com.ar\/index.php?rest_route=%2Fwp%2Fv2%2Fmedia&parent=704"}],"wp:term":[{"taxonomy":"category","embeddable":true,"href":"https:\/\/ricardovicentelopez.com.ar\/index.php?rest_route=%2Fwp%2Fv2%2Fcategories&post=704"},{"taxonomy":"post_tag","embeddable":true,"href":"https:\/\/ricardovicentelopez.com.ar\/index.php?rest_route=%2Fwp%2Fv2%2Ftags&post=704"}],"curies":[{"name":"wp","href":"https:\/\/api.w.org\/{rel}","templated":true}]}}