{"id":699,"date":"2008-02-01T20:18:00","date_gmt":"2008-02-01T20:18:00","guid":{"rendered":"http:\/\/ricardovicentelopez.com.ar\/?p=699"},"modified":"2015-03-21T15:21:30","modified_gmt":"2015-03-21T15:21:30","slug":"el-ciudadano-pasivo-2","status":"publish","type":"post","link":"https:\/\/ricardovicentelopez.com.ar\/?p=699","title":{"rendered":"El ciudadano pasivo"},"content":{"rendered":"<p>Las quejas respecto del estado actual de cosas no se correlaciona con el compromiso a cambiar el mundo. Es evidente que falta la voluntad colectiva para realizarlo. Creo necesario pensar en las circunstancias que condicionan esa voluntad. Veamos, entonces, algunos aspectos que son necesarios considerar para abrir caminos. <br \/>El desentendimiento que ha experimentado el ciudadano de \u201ca pi\u00e9\u201d respecto de sus responsabilidades pol\u00edticas encuentra algunas razones en la \u201cprofesionalizaci\u00f3n\u201d del pol\u00edtico, que ha convertido esa tarea en \u201ccosa de especialistas\u201d. Se agrega a ello el peso exorbitante que la econom\u00eda se ha atribuido en el tratamiento de los temas p\u00fablicos, al punto de que pareciera que son decisiones exclusivas de ese \u00e1mbito del pensar y del hacer. Este sometimiento encuentra culpas notorias entre los mismos actores pol\u00edticos, dado que se han dejado subordinar al imperio de \u201clos factores econ\u00f3micos\u201d. Aquella acusaci\u00f3n que los liberales decimon\u00f3nicos le hac\u00edan al marxismo, de pensar s\u00f3lo en t\u00e9rminos \u201cmateriales\u201d, deber\u00edamos hac\u00e9rsela hoy a los defensores del \u201cmercado\u201d.<br \/>Desde Arist\u00f3teles a Maquiavelo, y tal vez hasta el siglo XIX, la pol\u00edtica fue el terreno en el que se dirim\u00edan las enfrentadas voluntades, la de los poderes que se propon\u00edan trazar un destino, abrir un futuro y definir la marcha de los asuntos del Estado. El avance del poder de las burgues\u00edas de los siglos XVII y XVIII fue otorg\u00e1ndole un tono diferente, cada vez m\u00e1s marcado, a la necesidad de introducir los intereses econ\u00f3micos en la fijaci\u00f3n de las pol\u00edticas de estado. Hasta que esas necesidades se impusieron imperialmente en el pensamiento desplazando a la pol\u00edtica del centro de decisi\u00f3n. Todav\u00eda en el siglo XIX algunos liberales continuaban reclamando esa prioridad de la pol\u00edtica.<br \/>El hombre del siglo XX asisti\u00f3 al desmadre de los intereses econ\u00f3micos y a su asalto al poder en el \u00faltimo cuarto de siglo, poder que se iba transnacionalizando a pasos agigantados. Todo este proceso tuvo como correlato la total desvinculaci\u00f3n del ciudadano de las decisiones fundamentales de las comunidades pol\u00edticas, sobre todo cuando sinti\u00f3, descarnadamente, que esas decisiones se tomaban en algunas c\u00fapulas de poder ahora desterritorializadas. El mundo del poder, econ\u00f3mico y financiero, pertenec\u00eda a los \u201celegidos\u201d del Dios Dinero. Los adeptos a esta religi\u00f3n se fueron convirtiendo en masas an\u00f3nimas, seducidas por los para\u00edsos ofrecidos por las t\u00e9cnicas publicitarias, sin percibir que \u201cs\u00f3lo unos pocos elegidos\u201d acceder\u00edan a ese cielo. As\u00ed, el ciudadano convertido en consumidor se fue alejando de la pol\u00edtica, por ser un instrumento ineficaz, para rendir culto a las cotizaciones burs\u00e1tiles, las variaciones cambiarias y las tasas de inter\u00e9s. Roma y Jerusal\u00e9n fueron desplazadas por Wall Street. El triunfo, primero en el campo de batalla de los negocios, se coron\u00f3 con el triunfo final en el campo de las conciencias.<br \/>Entonces&#8230;?<br \/>Hablaba, al comenzar, de \u201cfalta de voluntad colectiva\u201d, es que est\u00e1 totalmente abotagada por la borrachera del dinero, del triunfo f\u00e1cil, del \u00e9xito inmediato, de los caminos oblicuos. Pero \u201cmuchos son los llamados, pero pocos los elegidos\u201d. Debe aparecer, necesariamente, el tema de los valores. Debemos como comunidad pol\u00edtica replantearnos qu\u00e9 queremos ser, ubicarlo luego en el contexto del mundo actual, no para renunciar a algunos de esos valores, sino para trazar los caminos y los tiempos de su realizaci\u00f3n. Esto presenta hoy una dificultad mayor que en otras \u00e9pocas. Porque hoy el tiempo parece tener muy corta duraci\u00f3n: lo que no es posible ser conseguido ya, o dentro de unos minutos, se convierte en un \u201cimposible\u201d o en un \u201cno deseable\u201d. Se le ha otorgado estatus de \u201cutop\u00eda irrealizable\u201d a cualquier idea que requiera tiempo, esfuerzo y perseverancia para su realizaci\u00f3n. Porque ello impone la necesidad de la organizaci\u00f3n de las voluntades y el consenso en los cu\u00e1ndo, los c\u00f3mo y los por qu\u00e9. Pero hemos sido convencidos que los \u00fanicos caminos transitables son individuales. El individuo reemplaz\u00f3 a la persona.<\/p>\n","protected":false},"excerpt":{"rendered":"<p>Las quejas respecto del estado actual de cosas no se correlaciona con el compromiso a cambiar el mundo. Es evidente que falta la voluntad colectiva para realizarlo. Creo necesario pensar en las circunstancias que condicionan esa voluntad. Veamos, entonces, algunos aspectos que son necesarios considerar para abrir caminos. El desentendimiento que ha experimentado el ciudadano [&hellip;]<\/p>\n","protected":false},"author":1,"featured_media":0,"comment_status":"open","ping_status":"open","sticky":false,"template":"","format":"standard","meta":{"footnotes":""},"categories":[1],"tags":[],"class_list":["post-699","post","type-post","status-publish","format-standard","hentry","category-sin-categoria"],"_links":{"self":[{"href":"https:\/\/ricardovicentelopez.com.ar\/index.php?rest_route=\/wp\/v2\/posts\/699","targetHints":{"allow":["GET"]}}],"collection":[{"href":"https:\/\/ricardovicentelopez.com.ar\/index.php?rest_route=\/wp\/v2\/posts"}],"about":[{"href":"https:\/\/ricardovicentelopez.com.ar\/index.php?rest_route=\/wp\/v2\/types\/post"}],"author":[{"embeddable":true,"href":"https:\/\/ricardovicentelopez.com.ar\/index.php?rest_route=\/wp\/v2\/users\/1"}],"replies":[{"embeddable":true,"href":"https:\/\/ricardovicentelopez.com.ar\/index.php?rest_route=%2Fwp%2Fv2%2Fcomments&post=699"}],"version-history":[{"count":0,"href":"https:\/\/ricardovicentelopez.com.ar\/index.php?rest_route=\/wp\/v2\/posts\/699\/revisions"}],"wp:attachment":[{"href":"https:\/\/ricardovicentelopez.com.ar\/index.php?rest_route=%2Fwp%2Fv2%2Fmedia&parent=699"}],"wp:term":[{"taxonomy":"category","embeddable":true,"href":"https:\/\/ricardovicentelopez.com.ar\/index.php?rest_route=%2Fwp%2Fv2%2Fcategories&post=699"},{"taxonomy":"post_tag","embeddable":true,"href":"https:\/\/ricardovicentelopez.com.ar\/index.php?rest_route=%2Fwp%2Fv2%2Ftags&post=699"}],"curies":[{"name":"wp","href":"https:\/\/api.w.org\/{rel}","templated":true}]}}