{"id":694,"date":"2008-02-25T18:51:00","date_gmt":"2008-02-25T18:51:00","guid":{"rendered":"http:\/\/ricardovicentelopez.com.ar\/?p=694"},"modified":"2015-03-21T15:21:30","modified_gmt":"2015-03-21T15:21:30","slug":"la-informacion-concentrada-y-la-politica","status":"publish","type":"post","link":"https:\/\/ricardovicentelopez.com.ar\/?p=694","title":{"rendered":"La informaci\u00f3n concentrada y la pol\u00edtica"},"content":{"rendered":"<p>Un tema que fue apareciendo reiteradamente en las declaraciones del presidente anterior, y que se vuelve a presentar en la actual presidenta, es la incidencia de los medios de comunicaci\u00f3n en la conformaci\u00f3n de la opini\u00f3n p\u00fablica. El manejo que los diversos medios han hecho de este tema coincid\u00edan en un punto: los medios se limitan a informar, ellos no crean las noticias. Por lo cual reduc\u00edan las declaraciones de algunos funcionarios a un simple argumento defensivo o elusivo. Esto no significa que los pol\u00edticos y funcionarios no hagan uso de esos recursos, sino que la b\u00fasqueda de la verdad exige colocar las cargas donde corresponde.<br \/>Si traigo este problema a cuento es porque recientes declaraciones del soci\u00f3logo Lucas Rubinich, Director de la carrera de Sociolog\u00eda de la UBA, en una entrevista publicada el 17-2-08 por P\u00e1gina 12, arrojan cierta luz sobre esta problem\u00e1tica.<br \/>Ante los resultados de las elecciones presidenciales recientes otro soci\u00f3logo, tambi\u00e9n prestigioso, el Doctor Manuel Mora y Araujo, habl\u00f3 de la reaparici\u00f3n del \u201cvoto gorila\u201d como \u00e9l lo defini\u00f3. Supongo que para muchos lectores menores de cincuenta a\u00f1os les habr\u00e1 producido una extra\u00f1a sensaci\u00f3n la utilizaci\u00f3n de ese viejo calificativo. Rubinich vuelve sobre el tema y avanza en la detecci\u00f3n de las posibles causas de ese fen\u00f3meno socio-pol\u00edtico: \u201cEsos componentes folkl\u00f3ricos del antiperonismo creo que est\u00e1n muy relacionados con acciones muy fuertes de los medios\u201d, por lo cual estos medios no se limitan a informar sino que crean opini\u00f3n. <br \/>Sigamos leyendo: \u201cUno de los grandes problemas que pueden llegar a tener los partidos populares que gobiernan es su dependencia de un sistema monop\u00f3lico de medios, que tiene una influencia m\u00e1s que significativa en la construcci\u00f3n de ciertas visiones del mundo. Obviamente, no son culpables de todo lo que pasa, pero en una situaci\u00f3n de extremo deterioro de los partidos pol\u00edticos, de fragmentaci\u00f3n social, que uno se encuentre por el otro lado con monopolios de medios de comunicaci\u00f3n masiva, que tienen una mirada m\u00e1s o menos com\u00fan acerca del status quo mundial, es realmente un contrincante pol\u00edtico m\u00e1s que importante y a tomar en cuenta\u201d. <br \/>La claridad de lo que sostiene y la contundencia de sus afirmaciones eximen de mayores comentarios. La sagrada opini\u00f3n p\u00fablica, tan cortejada y adulada por los comentaristas de los medios, resulta ser en gran parte nada m\u00e1s que el resultado de las pr\u00e9dicas de estos mismos medios. Este resultado es el desarrollo de pol\u00edticas empresarias que posibilitan la concentraci\u00f3n de medios en pocas manos. Por tal raz\u00f3n dice Rubinich: \u201cSi nosotros hacemos un an\u00e1lisis de qui\u00e9nes son los propietarios de los medios de comunicaci\u00f3n, cu\u00e1les son las miradas que est\u00e1n presentes en esos medios, vamos a ver que tienen una capacidad por imponer inclusive situaciones que no tienen mucha realidad. Bueno, eso es algo que los partidos tradicionales y populares deber\u00edan tomar en cuenta\u201d.<br \/>Agregar\u00eda yo no s\u00f3lo los partidos, se torna imprescindible que todos aquellos que tenemos alguna capacidad de comunicar, desde docentes a periodistas independientes, pol\u00edticos y profesionales, se hicieran cargo de hacer llegar a un p\u00fablico m\u00e1s amplio, m\u00e1s desprotegido en este aspecto, m\u00e1s inocente e ingenuo por lo tanto, este tipo de reflexiones. Se impone en la construcci\u00f3n de una democracia participativa e inclusiva la claridad y transparencia de la informaci\u00f3n. Esto no puede ser dejado en manos de los traficantes de la informaci\u00f3n que la ponen al servicio de sus intereses corporativos.<\/p>\n","protected":false},"excerpt":{"rendered":"<p>Un tema que fue apareciendo reiteradamente en las declaraciones del presidente anterior, y que se vuelve a presentar en la actual presidenta, es la incidencia de los medios de comunicaci\u00f3n en la conformaci\u00f3n de la opini\u00f3n p\u00fablica. El manejo que los diversos medios han hecho de este tema coincid\u00edan en un punto: los medios se [&hellip;]<\/p>\n","protected":false},"author":1,"featured_media":0,"comment_status":"open","ping_status":"open","sticky":false,"template":"","format":"standard","meta":{"footnotes":""},"categories":[1],"tags":[],"class_list":["post-694","post","type-post","status-publish","format-standard","hentry","category-sin-categoria"],"_links":{"self":[{"href":"https:\/\/ricardovicentelopez.com.ar\/index.php?rest_route=\/wp\/v2\/posts\/694","targetHints":{"allow":["GET"]}}],"collection":[{"href":"https:\/\/ricardovicentelopez.com.ar\/index.php?rest_route=\/wp\/v2\/posts"}],"about":[{"href":"https:\/\/ricardovicentelopez.com.ar\/index.php?rest_route=\/wp\/v2\/types\/post"}],"author":[{"embeddable":true,"href":"https:\/\/ricardovicentelopez.com.ar\/index.php?rest_route=\/wp\/v2\/users\/1"}],"replies":[{"embeddable":true,"href":"https:\/\/ricardovicentelopez.com.ar\/index.php?rest_route=%2Fwp%2Fv2%2Fcomments&post=694"}],"version-history":[{"count":0,"href":"https:\/\/ricardovicentelopez.com.ar\/index.php?rest_route=\/wp\/v2\/posts\/694\/revisions"}],"wp:attachment":[{"href":"https:\/\/ricardovicentelopez.com.ar\/index.php?rest_route=%2Fwp%2Fv2%2Fmedia&parent=694"}],"wp:term":[{"taxonomy":"category","embeddable":true,"href":"https:\/\/ricardovicentelopez.com.ar\/index.php?rest_route=%2Fwp%2Fv2%2Fcategories&post=694"},{"taxonomy":"post_tag","embeddable":true,"href":"https:\/\/ricardovicentelopez.com.ar\/index.php?rest_route=%2Fwp%2Fv2%2Ftags&post=694"}],"curies":[{"name":"wp","href":"https:\/\/api.w.org\/{rel}","templated":true}]}}