{"id":682,"date":"2008-04-16T19:03:00","date_gmt":"2008-04-16T19:03:00","guid":{"rendered":"http:\/\/ricardovicentelopez.com.ar\/?p=682"},"modified":"2015-03-21T15:21:29","modified_gmt":"2015-03-21T15:21:29","slug":"la-libertad-de-expresion-segun-los-medios-concentrados","status":"publish","type":"post","link":"https:\/\/ricardovicentelopez.com.ar\/?p=682","title":{"rendered":"La libertad de expresi\u00f3n seg\u00fan los medios concentrados"},"content":{"rendered":"<p>En una nota anterior abord\u00e9 el tema de la relaci\u00f3n de la informaci\u00f3n concentrada en pocas manos y su influencia en la opini\u00f3n p\u00fablica. Al respecto cit\u00e9 al soci\u00f3logo Lucas Rubinich, Director de la carrera de Sociolog\u00eda de la UBA, apelando a su autoridad acad\u00e9mica: \u00abUno de los grandes problemas que pueden llegar a tener los partidos populares que gobiernan es su dependencia de un sistema monop\u00f3lico de medios, que tiene una influencia m\u00e1s que significativa en la construcci\u00f3n de ciertas visiones del mundo. Obviamente, no son culpables de todo lo que pasa, pero en una situaci\u00f3n de extremo deterioro de los partidos pol\u00edticos, de fragmentaci\u00f3n social, que uno se encuentre por el otro lado con monopolios de medios de comunicaci\u00f3n masiva, que tienen una mirada m\u00e1s o menos com\u00fan acerca del status quo mundial, es realmente un contrincante pol\u00edtico m\u00e1s que importante y a tomar en cuenta\u201d.<br \/>Hace unos d\u00edas el Director de la carrera de Ciencias de la Comunicaci\u00f3n de la UBA, Alejandro Kaufman, dec\u00eda: \u00abLos medios hegem\u00f3nicos exhibieron con naturalidad expresiones y actitudes incompatibles con la convivencia social, cuya continuidad y expansi\u00f3n s\u00f3lo podr\u00eda llevar al desastre. Como los medios hegem\u00f3nicos lucran con la inminencia de la cat\u00e1strofe, se trata de una pol\u00edtica medi\u00e1tica destinada a provocar p\u00e1nico e inquietud en la poblaci\u00f3n\u00bb. Compara las consecuencias del famoso programa de radio de Orson Welles con el modo de informar respecto de lo que se llam\u00f3 \u201cparo del campo\u201d, que ni fue paro ni fue de todo el campo.<br \/>Aparece en estos d\u00edas la noticia de que existe un Observatorio de Medios en la Facultad de Ciencias de la Comunicaci\u00f3n de la UBA, noticia vieja porque lleva un tiempo largo en su tarea de analizar los medios y sus modos de informar. Dice Kaufman: \u00abLa participaci\u00f3n de las universidades p\u00fablicas tiene como finalidad establecer cierta garant\u00eda de ecuanimidad, porque se basa en convocar a instituciones aut\u00f3nomas, con gobiernos propios, elegidos por los claustros, y objeto de discusi\u00f3n en las propias universidades\u00bb. La tarea de an\u00e1lisis de la informaci\u00f3n se ha venido realizando, desde hace ya a\u00f1os desde diferentes c\u00e1tedras, como parte ineludible de la formaci\u00f3n de un futuro comunicador. Si eso no se hiciera \u00bfd\u00f3nde deber\u00eda hacerse? \u00abLa cr\u00edtica al rol de los medios forma parte de la libertad de expresi\u00f3n. Los medios elaboran un producto p\u00fablico, destinado a acceder a las conciencias de toda la poblaci\u00f3n. Un observatorio observa lo mismo que todos los espectadores. La \u00fanica diferencia es que lo hace con otra mirada, antes que nada sustra\u00edda a la fascinaci\u00f3n que los medios inevitablemente producen\u00bb.<br \/>En una clara alusi\u00f3n a la reacci\u00f3n del Grupo Clar\u00edn dice: \u00abEso es lo que molesta tanto, que se difunda un discurso cr\u00edtico, que la hegemon\u00eda inapelable de los medios se ponga en tela de juicio, que se haga desde afuera de ellos lo que la mayor\u00eda de ellos no hace, que es examinarse a s\u00ed mismos\u00bb. Y agrega: \u00abUna libertad de expresi\u00f3n anclada en la libertad de empresas concentradas dista mucho de garantizar el ejercicio pleno de ese derecho b\u00e1sico\u00bb. Entonces, \u00bfcu\u00e1l es el verdadero debate en el que estamos metidos? Lo que qued\u00f3 expuesto es que lo que no se tolera es que sean observados por instituciones legitimadas democr\u00e1tica y acad\u00e9micamente, cosa que los medios no lo est\u00e1n. Ese tipo de instituciones nos protege de los monopolios contra lo que se exige: la libertad del zorro dentro del gallinero.<br \/>Esta concentraci\u00f3n hizo sentir todo su poder con el silencio que le impuso al informe de la UBA sobre la conducta de esos medios en los hechos de los m\u00e1s de veinte d\u00edas de piqueteros cortando las rutas. Recomiendo la lectura de ese informe.<\/p>\n","protected":false},"excerpt":{"rendered":"<p>En una nota anterior abord\u00e9 el tema de la relaci\u00f3n de la informaci\u00f3n concentrada en pocas manos y su influencia en la opini\u00f3n p\u00fablica. Al respecto cit\u00e9 al soci\u00f3logo Lucas Rubinich, Director de la carrera de Sociolog\u00eda de la UBA, apelando a su autoridad acad\u00e9mica: \u00abUno de los grandes problemas que pueden llegar a tener [&hellip;]<\/p>\n","protected":false},"author":1,"featured_media":0,"comment_status":"open","ping_status":"open","sticky":false,"template":"","format":"standard","meta":{"footnotes":""},"categories":[1],"tags":[],"class_list":["post-682","post","type-post","status-publish","format-standard","hentry","category-sin-categoria"],"_links":{"self":[{"href":"https:\/\/ricardovicentelopez.com.ar\/index.php?rest_route=\/wp\/v2\/posts\/682","targetHints":{"allow":["GET"]}}],"collection":[{"href":"https:\/\/ricardovicentelopez.com.ar\/index.php?rest_route=\/wp\/v2\/posts"}],"about":[{"href":"https:\/\/ricardovicentelopez.com.ar\/index.php?rest_route=\/wp\/v2\/types\/post"}],"author":[{"embeddable":true,"href":"https:\/\/ricardovicentelopez.com.ar\/index.php?rest_route=\/wp\/v2\/users\/1"}],"replies":[{"embeddable":true,"href":"https:\/\/ricardovicentelopez.com.ar\/index.php?rest_route=%2Fwp%2Fv2%2Fcomments&post=682"}],"version-history":[{"count":0,"href":"https:\/\/ricardovicentelopez.com.ar\/index.php?rest_route=\/wp\/v2\/posts\/682\/revisions"}],"wp:attachment":[{"href":"https:\/\/ricardovicentelopez.com.ar\/index.php?rest_route=%2Fwp%2Fv2%2Fmedia&parent=682"}],"wp:term":[{"taxonomy":"category","embeddable":true,"href":"https:\/\/ricardovicentelopez.com.ar\/index.php?rest_route=%2Fwp%2Fv2%2Fcategories&post=682"},{"taxonomy":"post_tag","embeddable":true,"href":"https:\/\/ricardovicentelopez.com.ar\/index.php?rest_route=%2Fwp%2Fv2%2Ftags&post=682"}],"curies":[{"name":"wp","href":"https:\/\/api.w.org\/{rel}","templated":true}]}}