{"id":681,"date":"2008-04-17T17:47:00","date_gmt":"2008-04-17T17:47:00","guid":{"rendered":"http:\/\/ricardovicentelopez.com.ar\/?p=681"},"modified":"2015-03-21T15:21:29","modified_gmt":"2015-03-21T15:21:29","slug":"las-retensiones-y-el-hambre-en-el-mundo","status":"publish","type":"post","link":"https:\/\/ricardovicentelopez.com.ar\/?p=681","title":{"rendered":"Las retensiones y el hambre en el mundo"},"content":{"rendered":"<p>Mientras en la Argentina estamos envueltos en una pol\u00e9mica en torno a las retenciones aplicadas a la exportaci\u00f3n de alimentos nos enteramos que los hombres de los mega-negocios del mundo, reunidos en Washington, est\u00e1n muy preocupados por \u00abla explosi\u00f3n de los precios agr\u00edcolas y la multiplicaci\u00f3n de los disturbios del hambre impuesta, el problema alimentario mundial y sus consecuencias sociales\u00bb. <br \/>Una persona de actuaci\u00f3n internacional, Jean Ziegler, ex relator especial de las Naciones Unidas para el Derecho a la Alimentaci\u00f3n, viene hablando de este tema hace a\u00f1os. \u00abEl catedr\u00e1tico suizo no ha dejado pasar ninguna oportunidad, desde hace a\u00f1os, para llamar la atenci\u00f3n de los responsables mundiales sobre la situaci\u00f3n de los hambrientos del mundo, as\u00ed como sobre los da\u00f1os de los mecanismos del mercado en la agricultura de los pa\u00edses en desarrollo. Apoyado en los terribles datos de la FAO (Organizaci\u00f3n Mundial de la Agricultura) que ponen de relieve el aumento del n\u00famero de seres humanos v\u00edctimas del hambre (m\u00e1s de 854 millones de personas el a\u00f1o pasado), Ziegler siempre ha afirmado con fuerza su creencia en la necesidad de reconocer \u201cel derecho a la alimentaci\u00f3n\u201d como \u201cparte integrante de los derechos humanos b\u00e1sicos\u201d\u00bb, dice el periodista franc\u00e9s Ramine Abadie.<br \/>En este sentido, este defensor de la conservaci\u00f3n de los cultivos alimentarios ha calificado recientemente de \u00abcrimen contra la humanidad\u00bb el hecho de utilizar actualmente las tierras y la producci\u00f3n de cereales para biocombustibles\u2026 \u00abEn el \u00faltimo informe de su mandato, hace algunas semanas ante el Consejo de los Derechos Humanos, explicaba: \u201cUna serie de gobiernos y organizaciones intergubernamentales apoyan la teor\u00eda neoliberal que no reconoce la existencia de los derechos econ\u00f3micos, sociales y culturales y limita los derechos humanos \u00fanicamente a los derechos pol\u00edticos y civiles. Seg\u00fan los partidarios de esta teor\u00eda, s\u00f3lo un mercado mundial totalmente liberalizado y privatizado puede eliminar el hambre y la desnutrici\u00f3n en el mundo. Los hechos demuestran lo contrario. La liberalizaci\u00f3n y la privatizaci\u00f3n han progresado r\u00e1pidamente en la mayor\u00eda de los pa\u00edses durante los diez \u00faltimos a\u00f1os. Al mismo tiempo, los que sufren de desnutrici\u00f3n grave y cr\u00f3nica nunca han sido tan numerosos en el mundo\u201d\u00bb.<br \/>Nada complaciente con el sistema financiero multilateral, Jean Ziegler acusa: \u00abLas instituciones de Bretton Woods (Banco Mundial y FMI), con el gobierno de Estados Unidos y la Organizaci\u00f3n Mundial del Comercio, incluso se niegan a reconocer la existencia de un derecho humano a la alimentaci\u00f3n e imponen a los Estados m\u00e1s vulnerables el consenso de Washington que favorece la liberalizaci\u00f3n, la desregulaci\u00f3n, la privatizaci\u00f3n y la reducci\u00f3n de los presupuestos nacionales de los Estados. Este modelo, que genera a\u00fan m\u00e1s desigualdades, (\u2026) tiene consecuencias especialmente catastr\u00f3ficas en el derecho a la alimentaci\u00f3n en tres de sus aspectos: la privatizaci\u00f3n de las instituciones y servicios p\u00fablicos, la liberalizaci\u00f3n del comercio agr\u00edcola y el modelo de reforma de la propiedad de la tierra basado en el mercado\u00bb.<br \/>Para el ex relator especial, estas pol\u00edticas van claramente \u00abcontra la Resoluci\u00f3n sobre el derecho a la alimentaci\u00f3n adoptada por la Asamblea General de las Naciones Unidas el 18 de diciembre de 2007 por la cual la Asamblea pide al Banco Mundial y al FMI evitar toda acci\u00f3n susceptible de causar efectos da\u00f1inos sobre el derecho a la alimentaci\u00f3n\u00bb. No s\u00e9 si en estos d\u00edas en Washington toman nota de las palabras de Ziegler, de lo que podemos estar seguros es de que los dirigentes de las entidades rurales no entienden nada de hambre y de derecho de los pueblos a la alimentaci\u00f3n.<\/p>\n","protected":false},"excerpt":{"rendered":"<p>Mientras en la Argentina estamos envueltos en una pol\u00e9mica en torno a las retenciones aplicadas a la exportaci\u00f3n de alimentos nos enteramos que los hombres de los mega-negocios del mundo, reunidos en Washington, est\u00e1n muy preocupados por \u00abla explosi\u00f3n de los precios agr\u00edcolas y la multiplicaci\u00f3n de los disturbios del hambre impuesta, el problema alimentario [&hellip;]<\/p>\n","protected":false},"author":1,"featured_media":0,"comment_status":"open","ping_status":"open","sticky":false,"template":"","format":"standard","meta":{"footnotes":""},"categories":[1],"tags":[],"class_list":["post-681","post","type-post","status-publish","format-standard","hentry","category-sin-categoria"],"_links":{"self":[{"href":"https:\/\/ricardovicentelopez.com.ar\/index.php?rest_route=\/wp\/v2\/posts\/681","targetHints":{"allow":["GET"]}}],"collection":[{"href":"https:\/\/ricardovicentelopez.com.ar\/index.php?rest_route=\/wp\/v2\/posts"}],"about":[{"href":"https:\/\/ricardovicentelopez.com.ar\/index.php?rest_route=\/wp\/v2\/types\/post"}],"author":[{"embeddable":true,"href":"https:\/\/ricardovicentelopez.com.ar\/index.php?rest_route=\/wp\/v2\/users\/1"}],"replies":[{"embeddable":true,"href":"https:\/\/ricardovicentelopez.com.ar\/index.php?rest_route=%2Fwp%2Fv2%2Fcomments&post=681"}],"version-history":[{"count":0,"href":"https:\/\/ricardovicentelopez.com.ar\/index.php?rest_route=\/wp\/v2\/posts\/681\/revisions"}],"wp:attachment":[{"href":"https:\/\/ricardovicentelopez.com.ar\/index.php?rest_route=%2Fwp%2Fv2%2Fmedia&parent=681"}],"wp:term":[{"taxonomy":"category","embeddable":true,"href":"https:\/\/ricardovicentelopez.com.ar\/index.php?rest_route=%2Fwp%2Fv2%2Fcategories&post=681"},{"taxonomy":"post_tag","embeddable":true,"href":"https:\/\/ricardovicentelopez.com.ar\/index.php?rest_route=%2Fwp%2Fv2%2Ftags&post=681"}],"curies":[{"name":"wp","href":"https:\/\/api.w.org\/{rel}","templated":true}]}}