{"id":680,"date":"2008-04-22T20:13:00","date_gmt":"2008-04-22T20:13:00","guid":{"rendered":"http:\/\/ricardovicentelopez.com.ar\/?p=680"},"modified":"2015-03-21T15:21:29","modified_gmt":"2015-03-21T15:21:29","slug":"la-importancia-de-parecer-joven","status":"publish","type":"post","link":"https:\/\/ricardovicentelopez.com.ar\/?p=680","title":{"rendered":"La importancia de parecer joven"},"content":{"rendered":"<p>La Comunidad europea requiri\u00f3 de largas negociaciones para su conformaci\u00f3n. All\u00ed emergieron necesidades de acuerdos que sobrepusieron el inter\u00e9s econ\u00f3mico por encima de los viejos ideales. Para el logro de ello se apel\u00f3 a la desmovilizaci\u00f3n de los grupos sociales que demandaban el cumplimiento de las viejas promesas, porque la l\u00f3gica del pacto entre n\u00facleos dirigentes exig\u00eda un p\u00fablico m\u00e1s d\u00f3cil. Deb\u00eda acallarse a todos aquellos que pudieran perturbar este proceso. Nuestros dirigentes pol\u00edticos agitaron durante bastante tiempo el modelo del Pacto de la Moncloa, ocultando que ese pacto supon\u00eda el enterramiento y el olvido del pasado franquista y sus horrores. Entre nosotros los ochenta y los noventa se desarrollaron bajo ese manto, con las peculiaridades entre socialdem\u00f3cratas y menemistas.<br \/>El desencanto viene, entonces, provocado por el reconocimiento de que todo lo que se hab\u00eda dado en los setenta como una din\u00e1mica de participaci\u00f3n, presi\u00f3n y movilizaci\u00f3n se hab\u00eda convertido r\u00e1pidamente en molesto, superfluo, delirante o \u201cpoco realista\u201d. Los piqueteros perturban el tr\u00e1nsito. Dividi\u00f3 nuestra sociedad entre los que no se resignaban a la renuncia y los se ve\u00edan empujados u obligados a hacerlo por parte de quienes, hasta hac\u00eda muy poco, hab\u00edan compartido el mismo lenguaje. Si bien este desencanto no afectaba a todos, golpe\u00f3 fuertemente en las expectativas del conjunto: tanto en los que no se resignaban como en los que defend\u00edan ese realismo pol\u00edtico.<br \/>Pero todo ello dio por resultado un descreimiento creciente en las posibilidades de construir un futuro diferente. La consecuencia se fue haciendo sentir paulatinamente como un sentimiento de distanciamiento y desinter\u00e9s hacia las posibilidades de incidir en la vida pol\u00edtica y social. Estos sentimientos que distanciaban provocaban una frustraci\u00f3n e impotencia respecto del futuro. Sin embargo el resultado fue dual, puesto que para un sector de la sociedad parec\u00eda que se recuperaba el camino de la cordura y la sensatez. Estos encontraban en los medios de informaci\u00f3n el sustento de sus ideas.<br \/>Todo este proceso, contradictorio, friccionado, convulso por momentos, tambi\u00e9n confuso, al tiempo que produc\u00eda desencanto y depresi\u00f3n social, permit\u00eda a otros sacar buenas diferencias a trav\u00e9s de negocios oscuros, inconfesables, o simplemente aprovechando la falta de controles o los intersticios legales que se los posibilitaban. \u00c9stos se fueron convirtiendo en los \u201cvivos\u201d, los \u201cexitosos\u201d, los modelos a imitar y la pantalla de televisi\u00f3n los mostr\u00f3 profusamente, mientras muchos de nosotros aplaud\u00edan.<br \/>Debo decir, una vez m\u00e1s, siempre los j\u00f3venes nos est\u00e1n mirando y aprenden mucho m\u00e1s de lo que hacemos que de lo que decimos. Lo que me parece m\u00e1s grave es que paralelamente a todo ello, nosotros los adultos fuimos aceptando y compartiendo un modelo de joven muy publicitado. Y nosotros los adultos quisimos participar tambi\u00e9n de ese modelo de ser joven y nos travestimos en j\u00f3venes sin importar la edad que tuvi\u00e9ramos. Ser joven se reduc\u00eda entonces a un modo de vestir, de lucir, de peinarse, de hablar, de frecuentar los lugares que la moda impon\u00eda. Aparecieron en escena lo que lo j\u00f3venes llamaron los \u201cpendeviejos\u201d, tristes caricaturas, mascaritas de carnaval, que desplazaban a los j\u00f3venes de sus espacios sociales porque quer\u00edan vivir como ellos y con ellos.<br \/>Enfrentamos entonces la paradoja, m\u00e1s o menos inconscientemente, de participar de la extra\u00f1a situaci\u00f3n que hablaba de que ya sab\u00edamos qu\u00e9 ten\u00edan que ser los j\u00f3venes, pero en la pr\u00e1ctica no se sab\u00eda como pod\u00edan serlo. Nosotros los adultos pontific\u00e1bamos al respecto desde nuestra sabidur\u00eda de gente mayor cuando nos vest\u00edamos y viv\u00edamos pretendidamente como j\u00f3venes. Los j\u00f3venes han terminado siendo el resultado de tal impostura.<\/p>\n","protected":false},"excerpt":{"rendered":"<p>La Comunidad europea requiri\u00f3 de largas negociaciones para su conformaci\u00f3n. All\u00ed emergieron necesidades de acuerdos que sobrepusieron el inter\u00e9s econ\u00f3mico por encima de los viejos ideales. Para el logro de ello se apel\u00f3 a la desmovilizaci\u00f3n de los grupos sociales que demandaban el cumplimiento de las viejas promesas, porque la l\u00f3gica del pacto entre n\u00facleos [&hellip;]<\/p>\n","protected":false},"author":1,"featured_media":0,"comment_status":"open","ping_status":"open","sticky":false,"template":"","format":"standard","meta":{"footnotes":""},"categories":[1],"tags":[],"class_list":["post-680","post","type-post","status-publish","format-standard","hentry","category-sin-categoria"],"_links":{"self":[{"href":"https:\/\/ricardovicentelopez.com.ar\/index.php?rest_route=\/wp\/v2\/posts\/680","targetHints":{"allow":["GET"]}}],"collection":[{"href":"https:\/\/ricardovicentelopez.com.ar\/index.php?rest_route=\/wp\/v2\/posts"}],"about":[{"href":"https:\/\/ricardovicentelopez.com.ar\/index.php?rest_route=\/wp\/v2\/types\/post"}],"author":[{"embeddable":true,"href":"https:\/\/ricardovicentelopez.com.ar\/index.php?rest_route=\/wp\/v2\/users\/1"}],"replies":[{"embeddable":true,"href":"https:\/\/ricardovicentelopez.com.ar\/index.php?rest_route=%2Fwp%2Fv2%2Fcomments&post=680"}],"version-history":[{"count":0,"href":"https:\/\/ricardovicentelopez.com.ar\/index.php?rest_route=\/wp\/v2\/posts\/680\/revisions"}],"wp:attachment":[{"href":"https:\/\/ricardovicentelopez.com.ar\/index.php?rest_route=%2Fwp%2Fv2%2Fmedia&parent=680"}],"wp:term":[{"taxonomy":"category","embeddable":true,"href":"https:\/\/ricardovicentelopez.com.ar\/index.php?rest_route=%2Fwp%2Fv2%2Fcategories&post=680"},{"taxonomy":"post_tag","embeddable":true,"href":"https:\/\/ricardovicentelopez.com.ar\/index.php?rest_route=%2Fwp%2Fv2%2Ftags&post=680"}],"curies":[{"name":"wp","href":"https:\/\/api.w.org\/{rel}","templated":true}]}}