{"id":678,"date":"2008-04-29T19:02:00","date_gmt":"2008-04-29T19:02:00","guid":{"rendered":"http:\/\/ricardovicentelopez.com.ar\/?p=678"},"modified":"2015-03-21T15:21:29","modified_gmt":"2015-03-21T15:21:29","slug":"la-oposicion-son-los-medios","status":"publish","type":"post","link":"https:\/\/ricardovicentelopez.com.ar\/?p=678","title":{"rendered":"La oposici\u00f3n son los medios"},"content":{"rendered":"<p>Los mega-grupos empresarios que han invadido y capturado las empresas dedicadas a la comunicaci\u00f3n escrita, radial o televisiva, o todas juntas a la vez, es un fen\u00f3meno que ha aparecido paralelamente a ese concepto difuso que es la globalizaci\u00f3n. Es parad\u00f3jico el sentido que el juego de palabras puede producir en Brasil, equivaldr\u00eda a decir la clarinificaci\u00f3n en la Argentina. Estos grupos no exhiben un programa electoral, como deben hacer los partidos pol\u00edticos. Aunque ser\u00eda m\u00e1s correcto y realista decir como hac\u00edan tiempo atr\u00e1s los partidos pol\u00edticos. Es evidente que la personalizaci\u00f3n ha avanzado dentro de las estructuras partidarias copiando el estilo norteamericano de campa\u00f1a electoral. El perfil personal, debidamente preparado, sustituye el programa pol\u00edtico. El discurso pronunciado en primera persona del singular es parte del marketing actual.<br \/>El arrasamiento que produjo la supuesta muerte de las ideolog\u00edas, que en realidad postulaba una ideolog\u00eda \u00fanica, denominada por Ignacio Ramonet como pensamiento \u00fanico, que es f\u00e1cilmente identificable como el que corresponde a la derecha liberal-conservadora, pretendi\u00f3 liquidar el tema. Al comparar el Estado con una empresa privada todo se reduc\u00eda a una buena administraci\u00f3n, palabra con la que se hace referencia en los EE. UU. a los diferentes gobiernos. Habiendo quedado reducido el problema de la pol\u00edtica nacional a un tema de administraci\u00f3n de empresas, de lo que se trata es de administrar. <br \/>Si nos dirigimos al diccionario nos encontramos que la palabra viene de ministro, el que se ofrece para servir a otro. Esto supondr\u00eda que es el otro el que define lo que debe hacerse. Trasladado a la pol\u00edtica ese otro deber\u00eda ser el pueblo. Pero como se trata de las ciencias de la administraci\u00f3n ese otro es el directorio de las empresas o la asamblea de socios. Tenemos entonces que el administrador funciona como el que hace lo que otro dice qu\u00e9 debe hacer, y ese otro generalmente es alg\u00fan grupo internacional financiero. \u00bfNo es eso lo que  se ha dado en muchos gobiernos que hemos tenido? Esto se ha repetido en Am\u00e9rica Latina.<br \/>Entonces, los grandes medios que tambi\u00e9n aparecen entrelazados dentro de los grupos empresarios internacionales, financieros y comerciales, (Telef\u00f3nica de Argentina entre nosotros), son los emisarios de los intereses y pol\u00edticas de grupos internacionales en detrimento del inter\u00e9s nacional. Desde Brasil nos dice Dar\u00edo Pignotti: \u201cCon todo, en las elecciones presidenciales de octubre de 2006 la \u00abvieja dama\u00bb de la televisi\u00f3n verdeamarela dej\u00f3 de lado cualquier simulacro de neutralidad y se aplic\u00f3 a una denodada batalla para impedir la reelecci\u00f3n del candidato del Partido de los trabajadores (PT), Lula da Silva, vali\u00e9ndose, entre otros recursos, de la incontestable penetraci\u00f3n de sus noticieros, la principal fuente de informaci\u00f3n para el grueso de los 188 millones de ciudadanos, que raramente lee diarios, los tres principales: Folha de San Pablo, O Globo y Estado de San Pablo, alcanzan una tirada conjunta en d\u00edas de semana, que ronda el mill\u00f3n de ejemplares\u201d.<br \/>Respecto del noticiero que se emite en horario central dice: \u201cQuince d\u00edas de Jornal Nacional en contra son suficientes para hacer que el gobierno sea inviable nacional e internacionalmente\u201d. En Brasil \u201clos estrategas de la emisora carioca redoblaron la apuesta cuando se sintieron desairados por Lula cuando falt\u00f3 a un debate en el estudio del canal y opt\u00f3 por un acto p\u00fablico\u201d. Como en las pel\u00edculas: \u201cCualquier parecido con la realidad nuestra es mera coincidencia\u201d.<\/p>\n","protected":false},"excerpt":{"rendered":"<p>Los mega-grupos empresarios que han invadido y capturado las empresas dedicadas a la comunicaci\u00f3n escrita, radial o televisiva, o todas juntas a la vez, es un fen\u00f3meno que ha aparecido paralelamente a ese concepto difuso que es la globalizaci\u00f3n. Es parad\u00f3jico el sentido que el juego de palabras puede producir en Brasil, equivaldr\u00eda a decir [&hellip;]<\/p>\n","protected":false},"author":1,"featured_media":0,"comment_status":"open","ping_status":"open","sticky":false,"template":"","format":"standard","meta":{"footnotes":""},"categories":[1],"tags":[],"class_list":["post-678","post","type-post","status-publish","format-standard","hentry","category-sin-categoria"],"_links":{"self":[{"href":"https:\/\/ricardovicentelopez.com.ar\/index.php?rest_route=\/wp\/v2\/posts\/678","targetHints":{"allow":["GET"]}}],"collection":[{"href":"https:\/\/ricardovicentelopez.com.ar\/index.php?rest_route=\/wp\/v2\/posts"}],"about":[{"href":"https:\/\/ricardovicentelopez.com.ar\/index.php?rest_route=\/wp\/v2\/types\/post"}],"author":[{"embeddable":true,"href":"https:\/\/ricardovicentelopez.com.ar\/index.php?rest_route=\/wp\/v2\/users\/1"}],"replies":[{"embeddable":true,"href":"https:\/\/ricardovicentelopez.com.ar\/index.php?rest_route=%2Fwp%2Fv2%2Fcomments&post=678"}],"version-history":[{"count":0,"href":"https:\/\/ricardovicentelopez.com.ar\/index.php?rest_route=\/wp\/v2\/posts\/678\/revisions"}],"wp:attachment":[{"href":"https:\/\/ricardovicentelopez.com.ar\/index.php?rest_route=%2Fwp%2Fv2%2Fmedia&parent=678"}],"wp:term":[{"taxonomy":"category","embeddable":true,"href":"https:\/\/ricardovicentelopez.com.ar\/index.php?rest_route=%2Fwp%2Fv2%2Fcategories&post=678"},{"taxonomy":"post_tag","embeddable":true,"href":"https:\/\/ricardovicentelopez.com.ar\/index.php?rest_route=%2Fwp%2Fv2%2Ftags&post=678"}],"curies":[{"name":"wp","href":"https:\/\/api.w.org\/{rel}","templated":true}]}}