{"id":676,"date":"2008-05-13T19:00:00","date_gmt":"2008-05-13T19:00:00","guid":{"rendered":"http:\/\/ricardovicentelopez.com.ar\/?p=676"},"modified":"2015-03-21T15:21:29","modified_gmt":"2015-03-21T15:21:29","slug":"reconstruyendo-la-memoria","status":"publish","type":"post","link":"https:\/\/ricardovicentelopez.com.ar\/?p=676","title":{"rendered":"Reconstruyendo la memoria"},"content":{"rendered":"<p>La idea de la hora es la de reconstrucci\u00f3n. \u00c9sta debe comenzar por las decisiones para la inclusi\u00f3n de los m\u00e1s despose\u00eddos, y aqu\u00ed esta palabra adquiere todo el peso de su significado. Si bien no se puede afirmar que hayamos tenido un pasado de esplendor, algo as\u00ed como una edad dorada (dejamos esa a\u00f1oranza a los melanc\u00f3licos nacionalistas olig\u00e1rquicos de la \u201corganizaci\u00f3n nacional\u201d), s\u00ed se puede sostener que la riqueza que produc\u00eda la Argentina era distribuida con una mayor atenci\u00f3n de las necesidades de los m\u00e1s desfavorecidos. Tal vez, esa distribuci\u00f3n haya mostrado su punto culminante en la d\u00e9cada del setenta, como lo registran las estad\u00edsticas, al alcanzar un nivel de 50% para el capital y 50% para el trabajo.<br \/>Debe recordarse tambi\u00e9n que, en aquella \u00e9poca, las clases populares se hallaban todav\u00eda protegidas por un estado benefactor, aunque bastante debilitado pero no por ello menos denostado por las corrientes liberales del pensamiento econ\u00f3mico.  \u00c9ste garantizaba, junto a una distribuci\u00f3n m\u00e1s justa de la riqueza, la prestaci\u00f3n de los servicios b\u00e1sicos que aseguraban el desarrollo integral para todos. Con una preferencia por aquellos que no contaban con medios suficientes. As\u00ed se aseguraba una educaci\u00f3n gratuita, en el m\u00e1s amplio sentido de la palabra en todos los niveles, por lo cual aparec\u00eda como posible el ascenso social de los m\u00e1s pobres y la igualdad de oportunidades. La salud p\u00fablica mediante un sistema que, extendido a lo largo de todo el territorio de la naci\u00f3n, cumpl\u00eda con la protecci\u00f3n de la salud corporal y ps\u00edquica para todos. Una legislaci\u00f3n laboral que respaldaba los derechos de los trabajadores y mediaba en los conflictos entre el capital y el trabajo. La defensa de la cultura nacional que apuntaba a la preservaci\u00f3n de la salud espiritual de la naci\u00f3n, de sus tradiciones, de sus manifestaciones culturales de todas las regiones, para consolidar el modelo nacional para todos sus habitantes, sin que esto supusiera una xenofobia excluyente.<br \/>No debe olvidarse que todos estos logros no fueron el fruto repentino de un solo gobierno, sin olvidar que hubo una \u00e9poca excepcional, sino el resultado de sucesivos gobiernos que, aunque contradictoriamente, fueron colocando las capas de ladrillos que fueron construyendo el proyecto de una naci\u00f3n justa, libre y soberana. Tampoco se debe creer que esos logros fueron perfectos y que no hubo en esos tiempos abusos y corrupciones (el para\u00edso no es terrenal). Salvo momentos de extrav\u00edo pol\u00edtico, desde los albores de nuestra emancipaci\u00f3n, el proyecto de una naci\u00f3n para todos estuvo siempre presente en la conciencia de los argentinos. <br \/>En esos momentos de extrav\u00edo, con mayor o menor fuerza, aparecieron los intentos de desviar ese destino de naci\u00f3n. Se hicieron manifiestos los intereses sectoriales que pretend\u00edan una naci\u00f3n para pocos. Las corrientes olig\u00e1rquicas nunca desaparecieron y, aunque tuvieron \u00e9pocas de sue\u00f1os let\u00e1rgicos, se mantuvieron agazapadas a la espera de oportunidades propicias para sus prop\u00f3sitos. Puedo atreverme a se\u00f1alar, con riesgo de ser injusto, que en el siglo XX la d\u00e9cada del treinta, los a\u00f1os de la pretendida Revoluci\u00f3n Libertadora, (que nunca aclar\u00f3 que quer\u00eda liberar), la posterior Revoluci\u00f3n Argentina que comenz\u00f3 a abrir las puertas a la intromisi\u00f3n extranjera, y finalmente el Proceso de (Des)-Organizaci\u00f3n Nacional que consolid\u00f3 para su posteridad el predominio del capital financiero internacional, han sido a\u00f1os perdidos de nuestra historia.<br \/>Si se habla de hacer arqueolog\u00eda de la Historia es para revisar las causas de nuestros olvidos, recurrir a la memoria es un modo constructivo para no dejarnos arrastrar por caminos de dolor y de exclusi\u00f3n. Entonces, debemos preguntarnos ahora qu\u00e9 es lo que se est\u00e1 discutiendo. Creo que radica all\u00ed la llave que nos permitir\u00e1 abrir la puerta del un futuro mejor.<\/p>\n","protected":false},"excerpt":{"rendered":"<p>La idea de la hora es la de reconstrucci\u00f3n. \u00c9sta debe comenzar por las decisiones para la inclusi\u00f3n de los m\u00e1s despose\u00eddos, y aqu\u00ed esta palabra adquiere todo el peso de su significado. Si bien no se puede afirmar que hayamos tenido un pasado de esplendor, algo as\u00ed como una edad dorada (dejamos esa a\u00f1oranza [&hellip;]<\/p>\n","protected":false},"author":1,"featured_media":0,"comment_status":"open","ping_status":"open","sticky":false,"template":"","format":"standard","meta":{"footnotes":""},"categories":[1],"tags":[],"class_list":["post-676","post","type-post","status-publish","format-standard","hentry","category-sin-categoria"],"_links":{"self":[{"href":"https:\/\/ricardovicentelopez.com.ar\/index.php?rest_route=\/wp\/v2\/posts\/676","targetHints":{"allow":["GET"]}}],"collection":[{"href":"https:\/\/ricardovicentelopez.com.ar\/index.php?rest_route=\/wp\/v2\/posts"}],"about":[{"href":"https:\/\/ricardovicentelopez.com.ar\/index.php?rest_route=\/wp\/v2\/types\/post"}],"author":[{"embeddable":true,"href":"https:\/\/ricardovicentelopez.com.ar\/index.php?rest_route=\/wp\/v2\/users\/1"}],"replies":[{"embeddable":true,"href":"https:\/\/ricardovicentelopez.com.ar\/index.php?rest_route=%2Fwp%2Fv2%2Fcomments&post=676"}],"version-history":[{"count":0,"href":"https:\/\/ricardovicentelopez.com.ar\/index.php?rest_route=\/wp\/v2\/posts\/676\/revisions"}],"wp:attachment":[{"href":"https:\/\/ricardovicentelopez.com.ar\/index.php?rest_route=%2Fwp%2Fv2%2Fmedia&parent=676"}],"wp:term":[{"taxonomy":"category","embeddable":true,"href":"https:\/\/ricardovicentelopez.com.ar\/index.php?rest_route=%2Fwp%2Fv2%2Fcategories&post=676"},{"taxonomy":"post_tag","embeddable":true,"href":"https:\/\/ricardovicentelopez.com.ar\/index.php?rest_route=%2Fwp%2Fv2%2Ftags&post=676"}],"curies":[{"name":"wp","href":"https:\/\/api.w.org\/{rel}","templated":true}]}}