{"id":674,"date":"2008-05-28T18:21:00","date_gmt":"2008-05-28T18:21:00","guid":{"rendered":"http:\/\/ricardovicentelopez.com.ar\/?p=674"},"modified":"2015-03-21T15:21:29","modified_gmt":"2015-03-21T15:21:29","slug":"democracia-y-esperanza-i","status":"publish","type":"post","link":"https:\/\/ricardovicentelopez.com.ar\/?p=674","title":{"rendered":"Democracia y esperanza (I)"},"content":{"rendered":"<p>Un sacerdote espa\u00f1ol, reflexionando sobre la participaci\u00f3n de los cristianos en la pol\u00edtica, se dec\u00eda, con cierta iron\u00eda, que recibe las consultas m\u00e1s absurdas respecto de si ciertas conductas son pecaminosas, muchas de ellas realmente muy graciosas. Y, a continuaci\u00f3n agregaba: \u00abPero lo que nadie me ha preguntado jam\u00e1s es si se comete o no se comete pecado cuando uno se abstiene de votar en unas elecciones. Por lo visto, a los cristianos se nos ense\u00f1a una moral en la que entra todo, menos la pol\u00edtica\u00bb. Me pareci\u00f3 una aguda cuesti\u00f3n que apunta a un tema acuciante hoy. La participaci\u00f3n en la pol\u00edtica, que no debe ser confundida con ser parte de un partido pol\u00edtico, aunque esto no significa ning\u00fan menosprecio por esa decisi\u00f3n, por el contrario. Dado que en estos tiempos se ha convertido en un tema repetido el hablar mal de los pol\u00edticos, de sus corrupciones, sus inmoralidades, etc. Decimos que las cosas van mal porque los pol\u00edticos son unos ineptos o unos sinverg\u00fcenzas. Y nos quedamos muy tranquilos. Pero no tomamos nota de una consecuencia tremenda: que muchas cosas siguen mal y algunas muy mal, y que los pron\u00f3sticos podr\u00edan no ser alentadores, de seguir siendo s\u00f3lo un espectador. <br \/>Pero, lo sorprendente es que nuestra conciencia se queda tranquila porque estamos convencidos de que todo depende de los que gobiernan. Cuando debi\u00e9ramos saber que, en realidad, todos somos responsables de lo que pasa. Y somos responsables ante todo por lo que hacemos, pero tambi\u00e9n por nuestra pasividad. Deteng\u00e1monos en este aspecto del tema. Hay personas que dicen, con tono moral, poniendo \u00e9nfasis: \u00abyo no me meto en pol\u00edtica\u00bb, subrayando el m\u00e9rito de no hacerlo, como si dijera yo no soy un delincuente. El que dice eso, en realidad, est\u00e1 lejos de advertir que en pol\u00edtica nos metemos todos y estamos metidos todos, por m\u00e1s que estemos lejos de comprender que eso sea as\u00ed. Hacemos gala de un falso apoliticismo que, no debe escap\u00e1rsenos, es nada m\u00e1s que un modo del desentendimiento de los problemas sociales, bajo pretexto de no ser parte de la corrupci\u00f3n pol\u00edtica. El sacerdote Jos\u00e9 Mar\u00eda Castillo afirmaba hace muchos a\u00f1os, desde una Espa\u00f1a muy buena para algunos y que empeora para otros: <br \/>Lo que pasa es que, normalmente, el que dice que no se mete en pol\u00edtica, es una persona a la que le va bien con la pol\u00edtica que hacen los que mandan, sean funcionarios o poderes internacionales. O sea, es un individuo que est\u00e1 de acuerdo con el gobierno de turno. Y, por tanto, no se preocupa para que las cosas mejores, cambien o se hagan de otra manera. Por otra parte, el que asegura que es apol\u00edtico, lo que realmente dice es que est\u00e1 de parte del  status quo, por m\u00e1s que, cuando habla con los amigos, critique a los gobernantes. No nos enga\u00f1emos. Es verdad que, cuando el sistema pol\u00edtico es una dictadura, las posibilidades de participaci\u00f3n se reducen a la protesta o a actuar en la clandestinidad, cosas que entra\u00f1an riesgos evidentes y que suponen vencer el miedo por encima de lo que suele dar de s\u00ed la condici\u00f3n humana. Pero es evidente que, en un sistema democr\u00e1tico, al menos cuando llega el d\u00eda de las elecciones, es una responsabilidad muy seria la que pesa sobre la conciencia de cada ciudadano. Sobre todo, si tenemos en cuenta que hay demasiadas cosas que pueden ir mejor y tienen que ser mejor gestionadas por el que salga elegido en las urnas. <br \/>Es muy duro Castillo con sus juicios, pero no le falta verdad. Cuando se habla de responsabilidad no significa s\u00f3lo la participaci\u00f3n el d\u00eda de las elecciones, aunque esto no deja de ser importante, pero los problemas de la gente que lo pasa mal, por causa de un mal gobierno o un gobierno deficiente, o por los impedimentos que se le interponen, no se arreglan s\u00f3lo con ir a votar.<\/p>\n","protected":false},"excerpt":{"rendered":"<p>Un sacerdote espa\u00f1ol, reflexionando sobre la participaci\u00f3n de los cristianos en la pol\u00edtica, se dec\u00eda, con cierta iron\u00eda, que recibe las consultas m\u00e1s absurdas respecto de si ciertas conductas son pecaminosas, muchas de ellas realmente muy graciosas. Y, a continuaci\u00f3n agregaba: \u00abPero lo que nadie me ha preguntado jam\u00e1s es si se comete o no [&hellip;]<\/p>\n","protected":false},"author":1,"featured_media":0,"comment_status":"open","ping_status":"open","sticky":false,"template":"","format":"standard","meta":{"footnotes":""},"categories":[1],"tags":[],"class_list":["post-674","post","type-post","status-publish","format-standard","hentry","category-sin-categoria"],"_links":{"self":[{"href":"https:\/\/ricardovicentelopez.com.ar\/index.php?rest_route=\/wp\/v2\/posts\/674","targetHints":{"allow":["GET"]}}],"collection":[{"href":"https:\/\/ricardovicentelopez.com.ar\/index.php?rest_route=\/wp\/v2\/posts"}],"about":[{"href":"https:\/\/ricardovicentelopez.com.ar\/index.php?rest_route=\/wp\/v2\/types\/post"}],"author":[{"embeddable":true,"href":"https:\/\/ricardovicentelopez.com.ar\/index.php?rest_route=\/wp\/v2\/users\/1"}],"replies":[{"embeddable":true,"href":"https:\/\/ricardovicentelopez.com.ar\/index.php?rest_route=%2Fwp%2Fv2%2Fcomments&post=674"}],"version-history":[{"count":0,"href":"https:\/\/ricardovicentelopez.com.ar\/index.php?rest_route=\/wp\/v2\/posts\/674\/revisions"}],"wp:attachment":[{"href":"https:\/\/ricardovicentelopez.com.ar\/index.php?rest_route=%2Fwp%2Fv2%2Fmedia&parent=674"}],"wp:term":[{"taxonomy":"category","embeddable":true,"href":"https:\/\/ricardovicentelopez.com.ar\/index.php?rest_route=%2Fwp%2Fv2%2Fcategories&post=674"},{"taxonomy":"post_tag","embeddable":true,"href":"https:\/\/ricardovicentelopez.com.ar\/index.php?rest_route=%2Fwp%2Fv2%2Ftags&post=674"}],"curies":[{"name":"wp","href":"https:\/\/api.w.org\/{rel}","templated":true}]}}