{"id":673,"date":"2008-06-03T18:21:00","date_gmt":"2008-06-03T18:21:00","guid":{"rendered":"http:\/\/ricardovicentelopez.com.ar\/?p=673"},"modified":"2015-03-21T15:21:29","modified_gmt":"2015-03-21T15:21:29","slug":"democracia-y-esperanza-ii","status":"publish","type":"post","link":"https:\/\/ricardovicentelopez.com.ar\/?p=673","title":{"rendered":"Democracia y esperanza (II)"},"content":{"rendered":"<p>En una democracia madura, lo que interesa, sobre todo, es saber \u00aba qui\u00e9n\u00bb se vota y \u00abpor qu\u00e9\u00bb se lo vota. Lo que supone, entre otras cosas, enterarse antes debidamente del programa que presenta cada candidato y de exigir, despu\u00e9s de votado, que cumpla con sus promesas. Fundamentalmente, m\u00e1s all\u00e1 de simples ideolog\u00edas, tener claro qu\u00e9 intereses representa. No caer en la actitud facilista de decir que \u00abson todos iguales\u00bb, que era previsible de que no iba a cumplir con lo prometido. Y, haciendo ostentaci\u00f3n de un escepticismo muy a la moda, seguir hablando mal de los pol\u00edticos y que de ellos no se puede esperar nada. Y, entonces, \u00bfde quien hay que esperar?, mientras los que est\u00e1n mal lo siguen estando y pueden ir peor. <br \/>Es evidente que a todos nos interesa que la econom\u00eda vaya bien, y no nos quedamos atr\u00e1s cuando hay que opinar sobre ella. La \u00faltima d\u00e9cada nos convirti\u00f3 a muchos de la clase media en expertos en econom\u00eda. Escuchamos con atenci\u00f3n a pol\u00edticos, a comunicadores, a opin\u00f3logos sobre esos temas, pero nada de ello nos moviliza con la necesaria indignaci\u00f3n como para no permitir que vuelva a suceder lo que sucedi\u00f3. Que no se dispare el d\u00f3lar, que no suban las tasas de inter\u00e9s, que no vaya a subir el riesgo pa\u00eds, nos tuvo preocupados a muchos, pero muy pocos manifestaron p\u00fablicamente sus opiniones. Pasado ese tiempo esos temas van desapareciendo de nuestras charlas. Nos hemos convertido en opinadores de sobremesa. Pero no va m\u00e1s all\u00e1 de eso. Es que tenemos el convencimiento de que se puede opinar, aunque el opinar no conlleve ninguna exigencia de enterarse, de estudiar, de pensar, pero que los que deben arreglar las cosas son otros. Y, lo que escapa a la conciencia colectiva, es que gran parte de la agenda de nuestras preocupaciones se confecciona en las redacciones de los medios. Si desde all\u00ed se nos indica qu\u00e9 est\u00e1 mal tambi\u00e9n se nos dice quienes no lo han solucionado. Todo lo cual nos da mayores motivos para nuestras cr\u00edticas y quejas.<br \/>No est\u00e1 mal criticar y quejarse, pero es necesario pasar a una actitud m\u00e1s positiva. Para ello, los que tenemos tiempo y posibilidades de leer y pensar tenemos una mayor responsabilidad. Sin embargo \u00e9sta no aparece. Los temas de la pol\u00edtica, de la econom\u00eda, los pensamos desde la informaci\u00f3n de la radio y la televisi\u00f3n. Pero, si alg\u00fan especialista, que no sea alguien famoso por su actuaci\u00f3n medi\u00e1tica, ofrece una charla y debate sobre esos temas la participaci\u00f3n del \u00absupuesto ciudadano cr\u00edtico\u00bb es escasa. Ha aparecido una actitud que sostiene que ya est\u00e1 harto de o\u00edr siempre lo mismo y que, por ello, no se participa. Y \u00bfentonces qu\u00e9? Nuestra inactividad es la m\u00e1s cercana c\u00f3mplice del \u00abstatus quo\u00bb, pero no nos quita el derecho a la cr\u00edtica desde el living de casa.<br \/>Es evidente que ha cundido un profundo escepticismo sobre las posibilidades de la democracia. Hemos cre\u00eddo que con la democracia se com\u00eda, se educaba, se curaba, etc. Hemos cre\u00eddo despu\u00e9s que lo que hac\u00eda falta era \u00abun salariazo\u00bb y una \u00abrevoluci\u00f3n productiva\u00bb, para pasar a creer en la apertura de los mercados y nuestro \u00abingreso al primer mundo\u00bb. Tambi\u00e9n cre\u00edmos que los \u201c\u00e9ticos\u201d lo resolver\u00edan todo. Nada de ello ocurri\u00f3. Hoy terminamos mucho peor que cuando est\u00e1bamos mal, por ello hacemos gala de nuestro escepticismo como una condecoraci\u00f3n bien ganada. La clase media posa con su descreimiento como con una conquista de su sabidur\u00eda. Dice, con aire de sabionda: \u00aba m\u00ed nadie me enga\u00f1a m\u00e1s\u00bb. Y se sienta a mirar el paisaje pol\u00edtico con aires de saber lo que va a pasar. Y se demuestra tener raz\u00f3n desde la impasividad cr\u00edtica, pasa lo que puede pasar, con lo que se profundiza su aire de docta. Lo que es incapaz de comprender es que lo que pasa se debe a la falta de compromiso en cambiar las cosas que est\u00e1n mal, atendiendo sobre todo a los m\u00e1s necesitados.<\/p>\n","protected":false},"excerpt":{"rendered":"<p>En una democracia madura, lo que interesa, sobre todo, es saber \u00aba qui\u00e9n\u00bb se vota y \u00abpor qu\u00e9\u00bb se lo vota. Lo que supone, entre otras cosas, enterarse antes debidamente del programa que presenta cada candidato y de exigir, despu\u00e9s de votado, que cumpla con sus promesas. Fundamentalmente, m\u00e1s all\u00e1 de simples ideolog\u00edas, tener claro [&hellip;]<\/p>\n","protected":false},"author":1,"featured_media":0,"comment_status":"open","ping_status":"open","sticky":false,"template":"","format":"standard","meta":{"footnotes":""},"categories":[1],"tags":[],"class_list":["post-673","post","type-post","status-publish","format-standard","hentry","category-sin-categoria"],"_links":{"self":[{"href":"https:\/\/ricardovicentelopez.com.ar\/index.php?rest_route=\/wp\/v2\/posts\/673","targetHints":{"allow":["GET"]}}],"collection":[{"href":"https:\/\/ricardovicentelopez.com.ar\/index.php?rest_route=\/wp\/v2\/posts"}],"about":[{"href":"https:\/\/ricardovicentelopez.com.ar\/index.php?rest_route=\/wp\/v2\/types\/post"}],"author":[{"embeddable":true,"href":"https:\/\/ricardovicentelopez.com.ar\/index.php?rest_route=\/wp\/v2\/users\/1"}],"replies":[{"embeddable":true,"href":"https:\/\/ricardovicentelopez.com.ar\/index.php?rest_route=%2Fwp%2Fv2%2Fcomments&post=673"}],"version-history":[{"count":0,"href":"https:\/\/ricardovicentelopez.com.ar\/index.php?rest_route=\/wp\/v2\/posts\/673\/revisions"}],"wp:attachment":[{"href":"https:\/\/ricardovicentelopez.com.ar\/index.php?rest_route=%2Fwp%2Fv2%2Fmedia&parent=673"}],"wp:term":[{"taxonomy":"category","embeddable":true,"href":"https:\/\/ricardovicentelopez.com.ar\/index.php?rest_route=%2Fwp%2Fv2%2Fcategories&post=673"},{"taxonomy":"post_tag","embeddable":true,"href":"https:\/\/ricardovicentelopez.com.ar\/index.php?rest_route=%2Fwp%2Fv2%2Ftags&post=673"}],"curies":[{"name":"wp","href":"https:\/\/api.w.org\/{rel}","templated":true}]}}