{"id":662,"date":"2008-08-06T19:20:00","date_gmt":"2008-08-06T19:20:00","guid":{"rendered":"http:\/\/ricardovicentelopez.com.ar\/?p=662"},"modified":"2015-03-21T15:21:28","modified_gmt":"2015-03-21T15:21:28","slug":"democracia-y-esperanza","status":"publish","type":"post","link":"https:\/\/ricardovicentelopez.com.ar\/?p=662","title":{"rendered":"Democracia y esperanza"},"content":{"rendered":"<p>No hace tanto se grit\u00f3 desaforadamente por las calles: \u00ab\u00a1Qu\u00e9 se vayan todos!\u00bb, poco tiempo despu\u00e9s se volvi\u00f3 a votar a muchos de ellos con aire de resignaci\u00f3n. Pareciera que cierta gente necesita que est\u00e9n los malos para poder tener raz\u00f3n y seguir sentada en su sitial de conocedora de la pol\u00edtica. Estuvimos a pocos puntos, en las elecciones anteriores, de repetir la historia con de uno de los culpables del desastre social, y estuvo muy cerca en votos otro de los que repet\u00edan, aunque con mayor academicidad, el mismo repertorio de recetas. \u00bfEs que no somos capaces de aprender? Cuando en el mundo ha quedado claro que el neoliberalismo es el causante de los males que dice querer solucionar, los predicadores de ese evangelio siguen teniendo prensa y siguen teniendo auditorios dispuestos a escuchar. Ahora, que una parte de todo aquello qued\u00f3 atr\u00e1s, cuando gran parte de los esc\u00e9pticos se ven beneficiados por la nueva situaci\u00f3n, cuando el consumo ostentoso de esos que gritan por que quieren ganar m\u00e1s llena el aire con sus reclamos, se acent\u00faan las cr\u00edticas olvidando de donde venimos y de c\u00f3mo estaban mucho de ellos.<br \/>Pensemos en esta afirmaci\u00f3n: \u00abla democracia, tal cual la hemos conocido hasta aqu\u00ed hoy es parte tanto de nuestro problema pero es, al mismo tiempo, nuestra soluci\u00f3n\u00bb. Pareciera, a primera vista otra contradicci\u00f3n m\u00e1s, un juego de palabras. Pero es necesario meternos en este problema para acercar alguna luz que nos ayude a avanzar. Sobre todo que nos saque del escepticismo en el que estamos sumergidos. El primer problema radica en la aceptaci\u00f3n generalizada, por la opini\u00f3n p\u00fablica, pero que reconoce a much\u00edsimos especialistas de las ciencias pol\u00edticas como sus predicadores, que la democracia que se ha practicado en este poco m\u00e1s de un siglo, es la democracia sin m\u00e1s. Con lo cual nos colocamos en un callej\u00f3n sin salida. Escuchemos la opini\u00f3n de un economista liberal del Instituto Tecnol\u00f3gico de Massachussets, el doctor Lester Thurow:<br \/>La democracia y el capitalismo tienen muy diferentes puntos de vista acerca de la distribuci\u00f3n adecuada del poder. La primera aboga por una distribuci\u00f3n absolutamente igual del poder pol\u00edtico,\u201dun hombre un voto\u201d, mientras el  capitalismo sostiene que es el derecho de los econ\u00f3micamente competentes expulsar a los incompetentes del \u00e1mbito comercial y dejarlos librados a la extinci\u00f3n econ\u00f3mica. La eficiencia capitalista consiste en la \u201csupervivencia del m\u00e1s apto\u201d y las desigualdades en el poder adquisitivo. A medida que la brecha entre la clase superior e inferior se ensanche y la clase media se reduzca, los gobiernos democr\u00e1ticos van a tener problemas serios para manejarse con la desigual estructura econ\u00f3mica&#8230; La democracia, en cuanto al voto universal, es un sistema muy reciente y todav\u00eda no ha demostrado ser la forma pol\u00edtica \u201cm\u00e1s apta\u201d disponible. Es decir, una sociedad que en teor\u00eda, est\u00e1 basada en la democracia y en la econom\u00eda de mercado pero donde, en realidad, sucede que la democracia es derribada, destruida por la econom\u00eda de mercado. <br \/>Quien habla, para que no queden dudas, es un defensor del capitalismo que advierte que hay cosas que andan muy mal. Entonces, la democracia que conocimos jaqueada por el sistema de mercado no funciona como democracia, por lo que se podr\u00eda decir que todav\u00eda no hemos conocido una verdadera democracia. El simulacro formal que hemos conocido ocult\u00f3 su impostura, se disfraz\u00f3 de una igualdad para todos que negaba en los hechos al someterse a la impiedad del mercado. La democracia, que ha sido hasta ahora nuestro problema, es esta apariencia de democracia que practic\u00f3 un sistema social autoritario y excluyente. Si esto no era una democracia de verdad debe haber otra democracia que lo sea aut\u00e9nticamente. Aqu\u00ed aparece la necesaria intervenci\u00f3n de un Estado que se ocupe de la distribuci\u00f3n de las riquezas, poni\u00e9ndole l\u00edmites al mercado y atendiendo a los indefensos. Acerca de esa democracia es necesario que nos detengamos a reflexionar con mucha profundidad, porque all\u00ed se perfila el horizonte de un mundo mejor. Sobre todo hoy que se alzan voces iracundas en nombre de la democracia.<\/p>\n","protected":false},"excerpt":{"rendered":"<p>No hace tanto se grit\u00f3 desaforadamente por las calles: \u00ab\u00a1Qu\u00e9 se vayan todos!\u00bb, poco tiempo despu\u00e9s se volvi\u00f3 a votar a muchos de ellos con aire de resignaci\u00f3n. Pareciera que cierta gente necesita que est\u00e9n los malos para poder tener raz\u00f3n y seguir sentada en su sitial de conocedora de la pol\u00edtica. Estuvimos a pocos [&hellip;]<\/p>\n","protected":false},"author":1,"featured_media":0,"comment_status":"open","ping_status":"open","sticky":false,"template":"","format":"standard","meta":{"footnotes":""},"categories":[1],"tags":[],"class_list":["post-662","post","type-post","status-publish","format-standard","hentry","category-sin-categoria"],"_links":{"self":[{"href":"https:\/\/ricardovicentelopez.com.ar\/index.php?rest_route=\/wp\/v2\/posts\/662","targetHints":{"allow":["GET"]}}],"collection":[{"href":"https:\/\/ricardovicentelopez.com.ar\/index.php?rest_route=\/wp\/v2\/posts"}],"about":[{"href":"https:\/\/ricardovicentelopez.com.ar\/index.php?rest_route=\/wp\/v2\/types\/post"}],"author":[{"embeddable":true,"href":"https:\/\/ricardovicentelopez.com.ar\/index.php?rest_route=\/wp\/v2\/users\/1"}],"replies":[{"embeddable":true,"href":"https:\/\/ricardovicentelopez.com.ar\/index.php?rest_route=%2Fwp%2Fv2%2Fcomments&post=662"}],"version-history":[{"count":0,"href":"https:\/\/ricardovicentelopez.com.ar\/index.php?rest_route=\/wp\/v2\/posts\/662\/revisions"}],"wp:attachment":[{"href":"https:\/\/ricardovicentelopez.com.ar\/index.php?rest_route=%2Fwp%2Fv2%2Fmedia&parent=662"}],"wp:term":[{"taxonomy":"category","embeddable":true,"href":"https:\/\/ricardovicentelopez.com.ar\/index.php?rest_route=%2Fwp%2Fv2%2Fcategories&post=662"},{"taxonomy":"post_tag","embeddable":true,"href":"https:\/\/ricardovicentelopez.com.ar\/index.php?rest_route=%2Fwp%2Fv2%2Ftags&post=662"}],"curies":[{"name":"wp","href":"https:\/\/api.w.org\/{rel}","templated":true}]}}