{"id":661,"date":"2008-08-11T19:03:00","date_gmt":"2008-08-11T19:03:00","guid":{"rendered":"http:\/\/ricardovicentelopez.com.ar\/?p=661"},"modified":"2015-03-21T15:21:28","modified_gmt":"2015-03-21T15:21:28","slug":"la-libertad-de-los-poderosos","status":"publish","type":"post","link":"https:\/\/ricardovicentelopez.com.ar\/?p=661","title":{"rendered":"La libertad de los poderosos"},"content":{"rendered":"<p>Estamos ante un proceso que se abre por la revisi\u00f3n de la ley de Radiodifusi\u00f3n. Analizar el caso brasile\u00f1o es un ejercicio interesante e iluminador, en las actuales circunstancias. En cierto modo, es una especie de espejo en el cual mirar un futuro posible nuestro. Si bien es necesario establecer algunas diferencias el cuadro general debe funcionar como una advertencia para nosotros. El contraste que primero debe subrayarse, y esto debe ser planteado con sumo cuidado por las consecuencias que puede acarrear, es el p\u00fablico que se fue conformando en Brasil y en nuestro pa\u00eds. Las diferencias educacionales son apreciables para quien quiera observar la capacidad de defenderse del bombardeo medi\u00e1tico en un caso y en otro. La conformaci\u00f3n de una cultura de clase media que comenz\u00f3 a configurarse desde principios del siglo XX en la Argentina marc\u00f3 una diferencia notable respecto de gran parte de Latinoam\u00e9rica. Fuimos durante d\u00e9cadas un polo de producci\u00f3n cultural, en el m\u00e1s amplio sentido de la palabra, para el resto del continente de habla castellana.<br \/>Esto le impone al manejo medi\u00e1tico de las empresas ciertos l\u00edmites respecto de lo que ac\u00e1 o all\u00e1 puede hacerse. De todos modos veamos ese caso. Durante la campa\u00f1a electoral de 1999 la Red Globo emiti\u00f3 la telenovela \u201cSalvador de la Patria\u201d en la que aparec\u00eda un personaje, Sass\u00e1 Mutema, clara y burdamente identificable con Lula: no ten\u00eda formaci\u00f3n universitaria, era de origen humilde y se postulaba para la alcald\u00eda de su pueblo. Una vez electo se corromp\u00eda ante las tentaciones del poder. No creo equivocarme al afirmar que eso ser\u00eda fuertemente criticado en nuestro pa\u00eds por gran parte del arco pol\u00edtico. Nuestro p\u00fablico exige mayor sutileza en los agravios. Aunque a veces tengo dudas sobre el particular.<br \/>Esto nos muestra que para los grupos medi\u00e1ticos, aun con diferencias, la capacidad de operar sobre la conciencia ciudadana es muy grande. Podemos leer en la nota de Le Monde diplomatique: \u00abGlobo es un actor pol\u00edtico que adem\u00e1s de narrar y moldear los conflictos en la esfera p\u00fablica tambi\u00e9n participa de su resoluci\u00f3n  al actuar, en la esfera privada, como un factor de presi\u00f3n. En 1988, cuando fue aprobada la Constituci\u00f3n  brasile\u00f1a, el bahiano Antonio Carlos Magalhaes, entonces ministro de Comunicaciones, y el carioca Roberto Marinho, urdieron una exitosa operaci\u00f3n de lobby materializada en los art\u00edculos 220 a 224 de la Carta Magna en los que se consagra una concepci\u00f3n patrimonialista de un bien p\u00fablico como es el espectro radioel\u00e9ctrico. Dicho articulado estipula que las concesiones de licencias de radio, 10 a\u00f1os, y televisi\u00f3n, 15 a\u00f1os, son renovables autom\u00e1tica e indefinidamente\u00bb.<br \/>Es evidente que con tal norma constitucional los gobiernos tienen las manos atadas para poner limitaciones al uso abusivo y agraviante que desarrollan muchas veces con sus pr\u00e9dicas pol\u00edticas. Un caso similar es Venezuela. Un gobierno elegido por el voto popular mayoritario poco o nada puede hacer para poner coto a la salvaje concentraci\u00f3n de medios que atenta contra la tan proclamada libertad de prensa. Libertad de la que s\u00f3lo puede hacer uso el monopolio concentrado, lo que la convierte en una libertad de empresa. Esta ventaja coloca en un plano de excepci\u00f3n y privilegio a esa empresa con respecto a los otros medios posibles y alternativos. Este poder del que hacen gala se manifest\u00f3 en la C\u00e1mara de Senadores cuando hicieron p\u00fablica su oposici\u00f3n a la decisi\u00f3n del presidente Hugo Ch\u00e1vez de no renovar la licencia caduca de la televisora RCTV de Venezuela, con una clara intromisi\u00f3n en un pa\u00eds soberano. Al mismo tiempo fue una advertencia a Lula respecto de la Red Globo para impedir actuar contra sus privilegios. La pr\u00f3rroga de diez a\u00f1os de las licencias en nuestro pa\u00eds aparece hoy como un claro error.<br \/>A esta altura me salta un recuerdo, una leyenda que aparece en muchas pel\u00edculas: \u201cCualquier semejanza con la realidad (nuestra) es mera coincidencia\u201d.<\/p>\n","protected":false},"excerpt":{"rendered":"<p>Estamos ante un proceso que se abre por la revisi\u00f3n de la ley de Radiodifusi\u00f3n. Analizar el caso brasile\u00f1o es un ejercicio interesante e iluminador, en las actuales circunstancias. En cierto modo, es una especie de espejo en el cual mirar un futuro posible nuestro. Si bien es necesario establecer algunas diferencias el cuadro general [&hellip;]<\/p>\n","protected":false},"author":1,"featured_media":0,"comment_status":"open","ping_status":"open","sticky":false,"template":"","format":"standard","meta":{"footnotes":""},"categories":[1],"tags":[],"class_list":["post-661","post","type-post","status-publish","format-standard","hentry","category-sin-categoria"],"_links":{"self":[{"href":"https:\/\/ricardovicentelopez.com.ar\/index.php?rest_route=\/wp\/v2\/posts\/661","targetHints":{"allow":["GET"]}}],"collection":[{"href":"https:\/\/ricardovicentelopez.com.ar\/index.php?rest_route=\/wp\/v2\/posts"}],"about":[{"href":"https:\/\/ricardovicentelopez.com.ar\/index.php?rest_route=\/wp\/v2\/types\/post"}],"author":[{"embeddable":true,"href":"https:\/\/ricardovicentelopez.com.ar\/index.php?rest_route=\/wp\/v2\/users\/1"}],"replies":[{"embeddable":true,"href":"https:\/\/ricardovicentelopez.com.ar\/index.php?rest_route=%2Fwp%2Fv2%2Fcomments&post=661"}],"version-history":[{"count":0,"href":"https:\/\/ricardovicentelopez.com.ar\/index.php?rest_route=\/wp\/v2\/posts\/661\/revisions"}],"wp:attachment":[{"href":"https:\/\/ricardovicentelopez.com.ar\/index.php?rest_route=%2Fwp%2Fv2%2Fmedia&parent=661"}],"wp:term":[{"taxonomy":"category","embeddable":true,"href":"https:\/\/ricardovicentelopez.com.ar\/index.php?rest_route=%2Fwp%2Fv2%2Fcategories&post=661"},{"taxonomy":"post_tag","embeddable":true,"href":"https:\/\/ricardovicentelopez.com.ar\/index.php?rest_route=%2Fwp%2Fv2%2Ftags&post=661"}],"curies":[{"name":"wp","href":"https:\/\/api.w.org\/{rel}","templated":true}]}}