{"id":654,"date":"2008-09-09T17:27:00","date_gmt":"2008-09-09T17:27:00","guid":{"rendered":"http:\/\/ricardovicentelopez.com.ar\/?p=654"},"modified":"2015-03-21T15:21:28","modified_gmt":"2015-03-21T15:21:28","slug":"volvamos-a-pensar-el-futuro","status":"publish","type":"post","link":"https:\/\/ricardovicentelopez.com.ar\/?p=654","title":{"rendered":"Volvamos a pensar el futuro"},"content":{"rendered":"<p>En una nota anterior hab\u00eda comenzado a trazar algunas l\u00edneas sobre como se percib\u00eda ayer y como se percibe hoy la idea de futuro. Para ello me hab\u00eda apoyado en Nicol\u00e1s Casullo y sus reflexiones sobre el tema, voy ahora a seguir con \u00e9l.<br \/>El peso de la cultura europea, y tambi\u00e9n no poco de la estadounidense, nos va arrastrando a mirar nuestras vidas con el prisma de ellos, lo cual nos induce a tener una percepci\u00f3n de los futuros posibles que no necesariamente deben ser el nuestro. El agotamiento de aquellas sociedades, de sus culturas, por motivos diversos que no caben en una nota, los coloca ante la vivencia de un ocaso que corresponde con sus m\u00e1s y sus menos a sus realidades: social, pol\u00edtica y cultural (\u00bfy econ\u00f3mica?). Pero ello no debiera hacernos ver ese futuro como propio, porque no lo es, pero ello requiere serias reflexiones sobre qui\u00e9nes somos.<br \/>Desde esta percepci\u00f3n se puede comprender que pr\u00e1cticas sociales que pasan por ser un anticipo de nuevos mundos se nos presenten como un futuro aceptable para nosotros. La familia es uno de esos temas. No faltan entre nosotros esos brillantes periodistas y agudos comentadores de los medios que hablan, con aire acad\u00e9mico, de la desaparici\u00f3n de la familia tradicional. Se habla entonces de nuevos modelos de familia que no son m\u00e1s que el resultado del desgaste y del individualismo de la conciencia del hombre del norte. En cambio entre nosotros, m\u00e1s latinos, no faltan las discusiones y las peleas familiares pero los lazos son tan profundos que se mantienen s\u00f3lidos a pesar de ello. En aquellos parajes sucede otra cosa.<br \/>Dice Casullo: \u00abEn un mundo pensado en funci\u00f3n de hombres y de mujeres aislados, la soledad ocupa un rol protag\u00f3nico. Si nos fijamos en las formas de este modelo, aparece el loft como el tipo de casa ideal. \u00bfY qu\u00e9 es un loft? Un lugar sin paredes ni divisiones: no hacen falta porque s\u00f3lo vive all\u00ed una persona que de vez en cuando recibe a alguna pareja para un amor\u00edo sin compromisos. Algo m\u00e1s parecido a una conducta de higiene sexual que a una relaci\u00f3n en el sentido cl\u00e1sico. Es una forma de vida despojada de sentimientos, tal como la presentan algunas pel\u00edculas de Hollywood que exhiben modelos exitosos a nivel econ\u00f3mico. Se privilegia la realizaci\u00f3n profesional y la alta competitividad\u00bb. As\u00ed lo impone una cultura que hace de lo que llaman \u00e9xito el objetivo supremo de la vida. <br \/>Contin\u00faa pensando en que hay cosas que no funcionan en el modelo que algunos quieren importar: \u00abHay algo que no cierra en esta sociedad que ha empezado a nacer. Tiene que ver con la relaci\u00f3n del hombre con la pareja, con los hijos, con los padres y con la forma de manejarse frente a la decadencia y a la muerte. Estamos en una etapa problem\u00e1tica para los v\u00ednculos. Los viejos van al geri\u00e1trico porque es imposible cuidarlos en casa; los adolescentes drogadictos se internan en granjas de recuperaci\u00f3n. Mientras tanto, las enfermedades se detectan antes y produce cierto escozor convivir con el peligro a los ataques al coraz\u00f3n, al c\u00e1ncer, a la obesidad. Es una din\u00e1mica que nos envuelve. Hoy parece haber una incapacidad del hombre para pensar el futuro en clave humana. As\u00ed, mucha gente siente que es v\u00edctima y no protagonista de su vida; intuye que el mundo le pasa por encima sin brindarle un lugar donde agarrarse\u00bb.<br \/>Cu\u00e1nto de toda esta influencia de males ajenos comenzamos a vivirla como si fueran propios. Cu\u00e1nto de una admiraci\u00f3n exagerada y sin mucho fundamento por las maravillas del primer mundo, incentivado por los medios, hacen que veamos felicidad donde hay mucho m\u00e1s sufrimiento del que nos muestran. Si todo ello se convirtiera en una reflexi\u00f3n cotidiana y compartida con nuestra gente, si nos pregunt\u00e1ramos acerca de esas cosas y debati\u00e9ramos entre nosotros es probable que el futuro comenzara a significar otra cosa, que este deprimente modo de asustarnos y correr a cobijarnos.<\/p>\n","protected":false},"excerpt":{"rendered":"<p>En una nota anterior hab\u00eda comenzado a trazar algunas l\u00edneas sobre como se percib\u00eda ayer y como se percibe hoy la idea de futuro. Para ello me hab\u00eda apoyado en Nicol\u00e1s Casullo y sus reflexiones sobre el tema, voy ahora a seguir con \u00e9l.El peso de la cultura europea, y tambi\u00e9n no poco de la [&hellip;]<\/p>\n","protected":false},"author":1,"featured_media":0,"comment_status":"open","ping_status":"open","sticky":false,"template":"","format":"standard","meta":{"footnotes":""},"categories":[1],"tags":[],"class_list":["post-654","post","type-post","status-publish","format-standard","hentry","category-sin-categoria"],"_links":{"self":[{"href":"https:\/\/ricardovicentelopez.com.ar\/index.php?rest_route=\/wp\/v2\/posts\/654","targetHints":{"allow":["GET"]}}],"collection":[{"href":"https:\/\/ricardovicentelopez.com.ar\/index.php?rest_route=\/wp\/v2\/posts"}],"about":[{"href":"https:\/\/ricardovicentelopez.com.ar\/index.php?rest_route=\/wp\/v2\/types\/post"}],"author":[{"embeddable":true,"href":"https:\/\/ricardovicentelopez.com.ar\/index.php?rest_route=\/wp\/v2\/users\/1"}],"replies":[{"embeddable":true,"href":"https:\/\/ricardovicentelopez.com.ar\/index.php?rest_route=%2Fwp%2Fv2%2Fcomments&post=654"}],"version-history":[{"count":0,"href":"https:\/\/ricardovicentelopez.com.ar\/index.php?rest_route=\/wp\/v2\/posts\/654\/revisions"}],"wp:attachment":[{"href":"https:\/\/ricardovicentelopez.com.ar\/index.php?rest_route=%2Fwp%2Fv2%2Fmedia&parent=654"}],"wp:term":[{"taxonomy":"category","embeddable":true,"href":"https:\/\/ricardovicentelopez.com.ar\/index.php?rest_route=%2Fwp%2Fv2%2Fcategories&post=654"},{"taxonomy":"post_tag","embeddable":true,"href":"https:\/\/ricardovicentelopez.com.ar\/index.php?rest_route=%2Fwp%2Fv2%2Ftags&post=654"}],"curies":[{"name":"wp","href":"https:\/\/api.w.org\/{rel}","templated":true}]}}