{"id":652,"date":"2008-09-23T21:49:00","date_gmt":"2008-09-23T21:49:00","guid":{"rendered":"http:\/\/ricardovicentelopez.com.ar\/?p=652"},"modified":"2015-03-21T15:21:28","modified_gmt":"2015-03-21T15:21:28","slug":"democratizacion-o-desdemocratizacion","status":"publish","type":"post","link":"https:\/\/ricardovicentelopez.com.ar\/?p=652","title":{"rendered":"Democratizaci\u00f3n o desdemocratizaci\u00f3n"},"content":{"rendered":"<p>Hemos estado hablando de la necesidad de obtener m\u00e1s democracia y esta afirmaci\u00f3n va acompa\u00f1ada de la pr\u00e1ctica de consensos, como vimos en una nota anterior. Es muy interesante seguir el pensamiento de un intelectual con sobrados m\u00e9ritos como para merecer ser escuchado, me refiero a Boaventura de Sousa Santos: \u00abLos reg\u00edmenes democr\u00e1ticos son reg\u00edmenes en movimiento. Verdaderamente no hay democracia; hay procesos de desdemocraticatizaci\u00f3n. Lo que caracteriza a unos y otros son las transformaciones que ocurren en los v\u00ednculos pol\u00edticos que unen al Estado y los ciudadanos comunes y los v\u00ednculos sociales que unen a los ciudadanos entre s\u00ed. Estos procesos nunca se confinan exclusivamente al Estado; tambi\u00e9n ocurren en la sociedad. Identificar los procesos dominantes en un momento dado es fundamental para tomar el pulso a la calidad de la vida pol\u00edtica y social. Los factores que los condicionan var\u00edan seg\u00fan el pa\u00eds pero tambi\u00e9n hay evoluciones convergentes a nivel internacional de las cuales es posible deducir el esp\u00edritu de la \u00e9poca. Las tres \u00faltimas d\u00e9cadas se han caracterizado por un conflicto muy intenso entre procesos de democratizaci\u00f3n y redemocratizaci\u00f3n, por un lado, y de desdemocratizaci\u00f3n, por el otro\u00bb. <br \/>Nos est\u00e1 llamando la atenci\u00f3n sobre un fen\u00f3meno pol\u00edtico que ha comenzado en los ochenta y que se fue extendiendo por una gran parte del orbe. \u00c9l denomina acertadamente a estos procesos desdemocratizaci\u00f3n. Se han caracterizado por un aumento de las desigualdades sociales, de la violencia y de la inseguridad p\u00fablica. Cuando las desigualdades sociales se vuelven m\u00e1s profundas, las pol\u00edticas p\u00fablicas, en vez de reducirlas, las ratifican. Nos ofrece estos ejemplos: \u00abeficacia fiscal centrada en las clases medias; precarizaci\u00f3n del empleo con los cambios en el derecho laboral que se anuncian; la degradaci\u00f3n del servicio nacional de salud. La protecci\u00f3n de los ciudadanos y de los no ciudadanos contra actos arbitrarios del Estado o de otros centros de poder econ\u00f3mico est\u00e1 disminuyendo\u00bb. Esto se ve reflejado en el cierre de centros de salud sin evaluaci\u00f3n de costes sociales; el desempleo resultante de las delocalizaciones de las empresas. La falta de transparencia de las decisiones y ausencia de control de los ciudadanos sobre las pol\u00edticas p\u00fablicas\u00bb. <br \/>Si bien hab\u00edamos llegado, hace pocos a\u00f1os, a responder en nuestro pa\u00eds como un caso de esos ejemplos, hoy vamos saliendo de a poco de all\u00ed. Esto no significa que no siga faltando mucho para recuperar lo perdido por la desdemocratizaci\u00f3n. Pero aparece una contracara que la seguimos viendo. \u00abLa desdemocratizaci\u00f3n que ocurre en el Estado es paralela a la que ocurre en la sociedad. Se degradan las redes de confianza y solidaridad: se medicaliza la soledad y la angustia; se reduce al m\u00ednimo la aspiraci\u00f3n familiar (la decisi\u00f3n de no tener hijos); se eleva al m\u00e1ximo el estr\u00e9s familiar cuando hay ni\u00f1os y \u00e9stos son las primeras v\u00edctimas. Si la sociedad pol\u00edticamente organizada no accionara procesos de redemocratizaci\u00f3n, puede estar en causa la supervivencia de la democracia. Lo que viene no ser\u00e1 una dictadura. Ser\u00e1 una \u201cdictablanda\u201d o una \u201cdemocradura\u201d\u00bb.<br \/>Me parece de una importancia fundamental seguir pensando las reflexiones del soci\u00f3logo portugu\u00e9s, porque desde aquellas afirmaciones tajantes \u00abcon la democracia se come, con la democracia se cura\u2026\u00bb pareciera que se ha logrado lo m\u00e1s importante, por ello se habla de los a\u00f1os de democracia que llevamos desde la salida del proceso (\u00bfde democracia?). Es necesario que superemos el simple y superficial concepto de democracia como un mecanismo electoral y comenzamos a pensarla y a exigirla como una participaci\u00f3n integral en todos sus mecanismos de decisi\u00f3n y de control. No debemos conformarnos con seguir en la platea del escenario pol\u00edtico porque, como ya hemos visto, los actores no nos son fieles.<\/p>\n","protected":false},"excerpt":{"rendered":"<p>Hemos estado hablando de la necesidad de obtener m\u00e1s democracia y esta afirmaci\u00f3n va acompa\u00f1ada de la pr\u00e1ctica de consensos, como vimos en una nota anterior. Es muy interesante seguir el pensamiento de un intelectual con sobrados m\u00e9ritos como para merecer ser escuchado, me refiero a Boaventura de Sousa Santos: \u00abLos reg\u00edmenes democr\u00e1ticos son reg\u00edmenes [&hellip;]<\/p>\n","protected":false},"author":1,"featured_media":0,"comment_status":"open","ping_status":"open","sticky":false,"template":"","format":"standard","meta":{"footnotes":""},"categories":[1],"tags":[],"class_list":["post-652","post","type-post","status-publish","format-standard","hentry","category-sin-categoria"],"_links":{"self":[{"href":"https:\/\/ricardovicentelopez.com.ar\/index.php?rest_route=\/wp\/v2\/posts\/652","targetHints":{"allow":["GET"]}}],"collection":[{"href":"https:\/\/ricardovicentelopez.com.ar\/index.php?rest_route=\/wp\/v2\/posts"}],"about":[{"href":"https:\/\/ricardovicentelopez.com.ar\/index.php?rest_route=\/wp\/v2\/types\/post"}],"author":[{"embeddable":true,"href":"https:\/\/ricardovicentelopez.com.ar\/index.php?rest_route=\/wp\/v2\/users\/1"}],"replies":[{"embeddable":true,"href":"https:\/\/ricardovicentelopez.com.ar\/index.php?rest_route=%2Fwp%2Fv2%2Fcomments&post=652"}],"version-history":[{"count":0,"href":"https:\/\/ricardovicentelopez.com.ar\/index.php?rest_route=\/wp\/v2\/posts\/652\/revisions"}],"wp:attachment":[{"href":"https:\/\/ricardovicentelopez.com.ar\/index.php?rest_route=%2Fwp%2Fv2%2Fmedia&parent=652"}],"wp:term":[{"taxonomy":"category","embeddable":true,"href":"https:\/\/ricardovicentelopez.com.ar\/index.php?rest_route=%2Fwp%2Fv2%2Fcategories&post=652"},{"taxonomy":"post_tag","embeddable":true,"href":"https:\/\/ricardovicentelopez.com.ar\/index.php?rest_route=%2Fwp%2Fv2%2Ftags&post=652"}],"curies":[{"name":"wp","href":"https:\/\/api.w.org\/{rel}","templated":true}]}}