{"id":642,"date":"2008-11-07T19:43:00","date_gmt":"2008-11-07T19:43:00","guid":{"rendered":"http:\/\/ricardovicentelopez.com.ar\/?p=642"},"modified":"2015-03-21T15:21:27","modified_gmt":"2015-03-21T15:21:27","slug":"ni-credulos-ni-escepticos","status":"publish","type":"post","link":"https:\/\/ricardovicentelopez.com.ar\/?p=642","title":{"rendered":"Ni cr\u00e9dulos ni esc\u00e9pticos"},"content":{"rendered":"<p>El mundo, por lo menos el occidental, ha recibido un adoctrinamiento durante las \u00faltimas d\u00e9cadas que se propuso convencer a su p\u00fablico, masificado por los medios de comunicaci\u00f3n, que el Estado no deb\u00eda inmiscuirse en los asuntos privados (entendido esto como la actividad productiva, financiera y comercial). Esta pr\u00e9dica era la consecuencia de lo establecido por el Consenso de Washington (donde consensuaron ellos con ellos). Desde la perspectiva que posibilita la distancia hist\u00f3rica, aunque no muy grande no por ello menos educativa, estamos en condiciones de hacer una primera evaluaci\u00f3n de esa doctrina. <br \/>Lo primero que sorprende es la dualidad del mensaje y de la doctrina que lo sostiene. Debemos remitirnos necesariamente a la situaci\u00f3n financiera actual. El libre juego del mercado ha conducido la actividad financiera hacia el abismo. Se podr\u00eda pensar entonces que como en el mercado libre los actores asumen el riesgo empresario las p\u00e9rdidas que acumulan sus balances deben ser soportadas por los que arriesgaron. Sin embargo, como ya es p\u00fablico y notorio, pidieron socorro a los respectivos Estados nacionales para evitar la \u201ccat\u00e1strofe\u201d. Se comprender\u00e1 la perplejidad en que se deben encontrar muchas personas como yo. Cuando comenzamos a creerles cambiaron la doctrina. Eso no vale, es como cambiar las reglas del f\u00fatbol en la mitad del partido.<br \/>En la doctrina luc\u00eda con luces brillantes la necesidad de la reducci\u00f3n del papel del Estado en las esferas financieras y econ\u00f3micas, pero esta reducci\u00f3n termin\u00f3 ahora con medidas claramente intervencionistas para la resoluci\u00f3n de los problemas que existen y de los que se avizoran a nivel mundial. Sin embargo, si dirigimos la mirada hacia atr\u00e1s podemos ver que lo que proclamaban en el discurso no se correspond\u00eda con lo que se hac\u00eda en los pa\u00edses abanderados en la mencionada campa\u00f1a doctrinaria. Leamos lo que nos cuenta el profesor  Vicen\u00e7 Navarro, de la  C\u00e1tedra de Pol\u00edticas P\u00fablicas de la Universidad Pompeu Fabra:<br \/>\u00abEsta supuesta reducci\u00f3n del estado durante la \u00e9poca neoliberal (1980-2008), sin embargo, no ocurri\u00f3 en realidad. En EE.UU., pa\u00eds considerado como la m\u00e1xima expresi\u00f3n del neoliberalismo, las intervenciones estatales crecieron durante aquella \u00e9poca. El gasto p\u00fablico, por ejemplo, se increment\u00f3 notablemente, pasando de representar el 34% del PIB en 1980 al 38% en 2007. El gasto p\u00fablico per capita tambi\u00e9n subi\u00f3 de 4.148 US $ en 1980 a 18.750 en 2007. Y los impuestos subieron de un 35% en 1980 a un 39% en 2007. En realidad el Presidente Reagan fue el Presidente que subi\u00f3 m\u00e1s los impuestos en tiempo de paz en toda la historia de ese pa\u00eds. Los recort\u00f3 muy notablemente para el 20% de las familias de renta superior, pero los increment\u00f3 para todo lo dem\u00e1s. En resumidas cuentas, no hubo una disminuci\u00f3n del papel del estado en la sociedad estadounidense sino un cambio muy significativo de sus prioridades, como lo demuestran los cambios que han tenido lugar en el presupuesto federal durante el periodo neoliberal\u00bb.<br \/>Pero \u00bfc\u00f3mo entender esto si nos hab\u00edan explicado que \u201chab\u00eda que achicar el Estado para agrandar la Naci\u00f3n\u201d?, salvo que tanto Rehagan como sus sucesores no hayan querido \u201cagrandar la Naci\u00f3n\u201d. Estos datos muestran como el discurso liberal (supuestamente antiestatal) s\u00f3lo se aplica a cierto tipo de intervenciones: aquellas relacionadas con el bienestar de las personas, primordialmente de las clases populares. No as\u00ed a la mayor\u00eda del gasto e intervenciones p\u00fablicas que se refieren a los niveles m\u00e1s altos de la poblaci\u00f3n. \u00abHay pues que se\u00f1alar que durante el periodo liberal hubo un desfase entre el discurso ret\u00f3rico neoliberal y la realidad. Como bien dijo John Williamson, el intelectual m\u00e1s influyente dentro del consenso neoliberal de Washington \u201cTenemos que darnos cuenta de que lo que el gobierno federal de EE.UU. predica en el extranjero y lo que hace en casa no son lo mismo\u201d\u00bb.<\/p>\n","protected":false},"excerpt":{"rendered":"<p>El mundo, por lo menos el occidental, ha recibido un adoctrinamiento durante las \u00faltimas d\u00e9cadas que se propuso convencer a su p\u00fablico, masificado por los medios de comunicaci\u00f3n, que el Estado no deb\u00eda inmiscuirse en los asuntos privados (entendido esto como la actividad productiva, financiera y comercial). Esta pr\u00e9dica era la consecuencia de lo establecido [&hellip;]<\/p>\n","protected":false},"author":1,"featured_media":0,"comment_status":"open","ping_status":"open","sticky":false,"template":"","format":"standard","meta":{"footnotes":""},"categories":[1],"tags":[],"class_list":["post-642","post","type-post","status-publish","format-standard","hentry","category-sin-categoria"],"_links":{"self":[{"href":"https:\/\/ricardovicentelopez.com.ar\/index.php?rest_route=\/wp\/v2\/posts\/642","targetHints":{"allow":["GET"]}}],"collection":[{"href":"https:\/\/ricardovicentelopez.com.ar\/index.php?rest_route=\/wp\/v2\/posts"}],"about":[{"href":"https:\/\/ricardovicentelopez.com.ar\/index.php?rest_route=\/wp\/v2\/types\/post"}],"author":[{"embeddable":true,"href":"https:\/\/ricardovicentelopez.com.ar\/index.php?rest_route=\/wp\/v2\/users\/1"}],"replies":[{"embeddable":true,"href":"https:\/\/ricardovicentelopez.com.ar\/index.php?rest_route=%2Fwp%2Fv2%2Fcomments&post=642"}],"version-history":[{"count":0,"href":"https:\/\/ricardovicentelopez.com.ar\/index.php?rest_route=\/wp\/v2\/posts\/642\/revisions"}],"wp:attachment":[{"href":"https:\/\/ricardovicentelopez.com.ar\/index.php?rest_route=%2Fwp%2Fv2%2Fmedia&parent=642"}],"wp:term":[{"taxonomy":"category","embeddable":true,"href":"https:\/\/ricardovicentelopez.com.ar\/index.php?rest_route=%2Fwp%2Fv2%2Fcategories&post=642"},{"taxonomy":"post_tag","embeddable":true,"href":"https:\/\/ricardovicentelopez.com.ar\/index.php?rest_route=%2Fwp%2Fv2%2Ftags&post=642"}],"curies":[{"name":"wp","href":"https:\/\/api.w.org\/{rel}","templated":true}]}}