{"id":641,"date":"2008-11-11T17:38:00","date_gmt":"2008-11-11T17:38:00","guid":{"rendered":"http:\/\/ricardovicentelopez.com.ar\/?p=641"},"modified":"2015-03-21T15:21:27","modified_gmt":"2015-03-21T15:21:27","slug":"ha-llegado-el-tiempo-de-volver-a-repensar-todo","status":"publish","type":"post","link":"https:\/\/ricardovicentelopez.com.ar\/?p=641","title":{"rendered":"Ha llegado el tiempo de volver a repensar todo"},"content":{"rendered":"<p>Dec\u00eda antes que la crisis que nos envuelve tiene la facultad de habilitarnos a pensar hacia ma\u00f1anas diferentes, pero s\u00f3lo en la medida en que nos permitamos hacerlo. Para ello debemos comenzar a pensar en t\u00e9rminos de estructuras amplias y no desde las circunstancias cotidianas que nos arrastran en el fragor de las subas o bajas de las Bolsas del mundo. Este vaiv\u00e9n de los precios es tambi\u00e9n el resultado de la desorientaci\u00f3n y la impotencia en la que se encuentran sumergidos muchos de los actores de este juego de casino. Por lo tanto, creo necesario arriesgarnos en la aventura de analizar los grandes procesos, aun con la conciencia de no contar con toda la informaci\u00f3n necesaria, y de que parte de la que disponemos se encuentra distorsionada por los que nos la proveen, los medios de comunicaci\u00f3n.<br \/>Partiendo de la tesis de que la crisis financiera, resultado de un largo proceso que reconoce no menos de tres d\u00e9cadas de funcionamiento de lo que Susan Strange denomin\u00f3 en 1986 el \u201ccapitalismo casino\u201d, es de una envergadura con pocos antecedentes. Se impone, como se\u00f1ala Carlos Gaveta de Le Monde Diplomatique, asumir que: \u00abexhibe los s\u00edntomas de una fase decisiva\u00bb que empuja hacia dos salidas posibles: \u00abo se arbitran medidas de control y distribuci\u00f3n severas, o el mundo seguir\u00e1 desliz\u00e1ndose por la pendiente hacia el caos, la violencia y la anarqu\u00eda. Pero aunque se lograse evitar un desplome brutal, el mundo entero deber\u00e1 afrontar un largo periodo de serias dificultades: Estados Unidos, la Uni\u00f3n Europea y Jap\u00f3n ingresan en una recesi\u00f3n durable. Con inflaci\u00f3n adem\u00e1s, debido al aumento de los precios de los alimentos y la energ\u00eda, entre otros\u00bb.<br \/>Todo ello se vienen dando dentro de un marco en el que la sociedad capitalista encontr\u00f3 varios atajos para llegar a una disminuci\u00f3n de los costos de producci\u00f3n, siempre en la b\u00fasqueda de la maximizaci\u00f3n del lucro: a.- el avance tecnol\u00f3gico posibilit\u00f3 la automatizaci\u00f3n de muchos procesos y su correlaci\u00f3n en la necesidad de disminuir la mano de obra ocupada; b.- la deslocalizaci\u00f3n de la producci\u00f3n con la expectativa de encontrar lugares de menor costo salarial e impositivo, y de poco o nulo control de la seguridad del trabajador; y c.- el alejamiento de los pa\u00edses donde la regulaci\u00f3n impone costos mayores. Todo ello dio como resultado un aumento de la producci\u00f3n y de la productividad con una cada vez menor necesidad de trabajo humano.<br \/>La consecuencia obligada de todo ello, que vienen reflejando los informes del Programa de Naciones Unidas para el Desarrollo, es una distribuci\u00f3n injusta de la riqueza que avanza en proporciones alarmantes. El ministro de Trabajo de Alemania, Olaf Scholz, hizo p\u00fablico un documento oficial que muestra claramente todo esto: el aumento de la pobreza y de la riqueza, simult\u00e1neamente y resultado del mismo proceso. \u00abEl 13% de los alemanes vive hoy bajo el nivel de pobreza, mientras otro 13% no es considerado \u201cpobre\u201d porque recibe asistencia del Estado\u00bb. Equivale a decir que el pa\u00eds que a fines de los ochenta hac\u00eda ostentaci\u00f3n de un capitalismo distribuidor, con fuerte presencia del Estado en la protecci\u00f3n social, y de plena ocupaci\u00f3n, hoy reconoce que un cuarto de su poblaci\u00f3n est\u00e1 desempleada. Si bien la mitad recibe un salario de desempleo este ha disminuido con respecto al de tiempo atr\u00e1s. Otro tanto podr\u00eda decirse de los dem\u00e1s pa\u00edses centrales, a lo que debe agregarse lo que se viene.<br \/>Gaveta pronostica: \u00abEn pocos a\u00f1os m\u00e1s las \u201cdeslocalizaciones\u201d habr\u00e1n agotado los salarios m\u00e1s bajos del \u00faltimo conf\u00edn del planeta y la puja entre la tasa de ganancia capitalista y el precio del trabajo se har\u00e1 permanente. Las tasas de marginalidad continuar\u00e1n aumentando, con la consiguiente situaci\u00f3n de conflicto sistem\u00e1tico e ingobernabilidad\u00bb. Por ello se muestra mesuradamente esperanzado en que los cambios necesarios sean aceptados por todos: \u00abEs importante que al menos parte de los sectores que hoy se oponen ferozmente a esos cambios acaben por comprender que tambi\u00e9n resultan de su inter\u00e9s\u00bb. Porque en este camino el riesgo de perderlo todo puede influir en comenzar a negociar una salida menos abrupta.<\/p>\n","protected":false},"excerpt":{"rendered":"<p>Dec\u00eda antes que la crisis que nos envuelve tiene la facultad de habilitarnos a pensar hacia ma\u00f1anas diferentes, pero s\u00f3lo en la medida en que nos permitamos hacerlo. Para ello debemos comenzar a pensar en t\u00e9rminos de estructuras amplias y no desde las circunstancias cotidianas que nos arrastran en el fragor de las subas o [&hellip;]<\/p>\n","protected":false},"author":1,"featured_media":0,"comment_status":"open","ping_status":"open","sticky":false,"template":"","format":"standard","meta":{"footnotes":""},"categories":[1],"tags":[],"class_list":["post-641","post","type-post","status-publish","format-standard","hentry","category-sin-categoria"],"_links":{"self":[{"href":"https:\/\/ricardovicentelopez.com.ar\/index.php?rest_route=\/wp\/v2\/posts\/641","targetHints":{"allow":["GET"]}}],"collection":[{"href":"https:\/\/ricardovicentelopez.com.ar\/index.php?rest_route=\/wp\/v2\/posts"}],"about":[{"href":"https:\/\/ricardovicentelopez.com.ar\/index.php?rest_route=\/wp\/v2\/types\/post"}],"author":[{"embeddable":true,"href":"https:\/\/ricardovicentelopez.com.ar\/index.php?rest_route=\/wp\/v2\/users\/1"}],"replies":[{"embeddable":true,"href":"https:\/\/ricardovicentelopez.com.ar\/index.php?rest_route=%2Fwp%2Fv2%2Fcomments&post=641"}],"version-history":[{"count":0,"href":"https:\/\/ricardovicentelopez.com.ar\/index.php?rest_route=\/wp\/v2\/posts\/641\/revisions"}],"wp:attachment":[{"href":"https:\/\/ricardovicentelopez.com.ar\/index.php?rest_route=%2Fwp%2Fv2%2Fmedia&parent=641"}],"wp:term":[{"taxonomy":"category","embeddable":true,"href":"https:\/\/ricardovicentelopez.com.ar\/index.php?rest_route=%2Fwp%2Fv2%2Fcategories&post=641"},{"taxonomy":"post_tag","embeddable":true,"href":"https:\/\/ricardovicentelopez.com.ar\/index.php?rest_route=%2Fwp%2Fv2%2Ftags&post=641"}],"curies":[{"name":"wp","href":"https:\/\/api.w.org\/{rel}","templated":true}]}}