{"id":633,"date":"2008-12-12T19:01:00","date_gmt":"2008-12-12T19:01:00","guid":{"rendered":"http:\/\/ricardovicentelopez.com.ar\/?p=633"},"modified":"2015-03-21T15:21:27","modified_gmt":"2015-03-21T15:21:27","slug":"la-concentracion-financiera-i","status":"publish","type":"post","link":"https:\/\/ricardovicentelopez.com.ar\/?p=633","title":{"rendered":"La concentraci\u00f3n financiera I"},"content":{"rendered":"<p>El tema de la concentraci\u00f3n econ\u00f3mica y sus repercusiones lo he expuesto en un trabajo anterior . No escapa a ninguna persona que siga esta problem\u00e1tica que es imprescindible tenerla en cuenta cuando se habla de la econom\u00eda nacional. Por ello ahora quiero abordar ahora el tema financiero. Debo decir que no soy ajeno a las dificultades del tema y que muchas veces me cuesta bastante entender qu\u00e9 es lo que pasa. Por tal raz\u00f3n me voy a apoyar en una nota de un investigador de larga experiencia, Pam Martens, quien trabaj\u00f3 21 a\u00f1os en Wall Street, equivale a decir en las entra\u00f1as mismas del sistema. Esto es especialmente interesante y relevante en estos momentos en los que la turbulencia, de dif\u00edcil pron\u00f3stico, sacude como un tsunami las bolsas del planeta. Con el  agravante de que gran parte de esta informaci\u00f3n es religiosamente ocultada por los grandes medios.<br \/>Nos dice Martens: \u00abCon cada nueva revelaci\u00f3n de p\u00e9rdidas multimillonarias en d\u00f3lares de las mayores firmas de Wall Street, aparece la fastidiosa pregunta de c\u00f3mo sucedi\u00f3 que esos Amos del Universo tuvieran que cargar con el muerto en esos masivos ajustes. \u00bfNo se supone que sea Wall Street quien ejecuta negocios para otros; no que acumule para s\u00ed inmensos inventarios de valores t\u00f3xicos, no comerciales? Ya que esos grandes actores de Wall Street ahora poseen algunos de nuestros mayores bancos de dep\u00f3sitos, asegurados por el contribuyente (por cortes\u00eda de un regalo legislativo del Congreso llamado la Ley Gramm-Leach-Bliley)\u00bb. La lectura de esta informaci\u00f3n pareciera referirse a un pa\u00eds del tercer mundo, bananero como lo denominan con mucho desprecio. Sin embargo nos habla de los EEUU.<br \/>Resulta, entonces, que: \u00abla Reserva Federal vac\u00eda decenas de miles de millones de d\u00f3lares nuestros en algunos inmensos agujeros negros, el sentido com\u00fan podr\u00eda sugerir que el Congreso realizara audiencias p\u00fablicas. Esas audiencias podr\u00edan sacar a la luz c\u00f3mo Wall Street ha mutado, bajo el manto de la oscuridad,  de ser un centro comercial a fabricar y almacenar artilugios ex\u00f3ticos registrados en ultramar [l\u00e9ase bancos off-shore]\u00bb. Este analista est\u00e1 proponiendo la intervenci\u00f3n del poder pol\u00edtico para investigar qu\u00e9 est\u00e1 haciendo la Reserva Federal con \u201cmiles de millones de d\u00f3lares nuestros\u201d, es decir del pueblo estadounidense, que se pierden en \u201cinmensos agujeros negros\u201d. Perd\u00f3neseme la repetici\u00f3n pero creo necesario subrayar lo que est\u00e1 afirmando: las p\u00e9rdidas de las aventuras financieras particulares son cubiertas con dinero p\u00fablico. Uno se pregunta \u00bfqu\u00e9 pasar\u00eda si no lo hicieran? Sin comentarios. Y esto es lo grave, no se encuentran respuestas oficiales.<br \/>Este analista nos dice que: \u00abEl gobierno de Bush manipula el l\u00edo como si se tratara s\u00f3lo de un problema de hipotecas de alto riesgo. No vaya a ser que el p\u00fablico se d\u00e9 cuenta de que un mercado no regulado de un bill\u00f3n de d\u00f3lares ha reventado ante las narices del mercado libre de este gobierno. La p\u00e9rdida colectiva de 70.000 millones de d\u00f3lares en cosa de meses, con proyecciones de continuas p\u00e9rdidas, que pueden ascender a hasta 400.000 millones de d\u00f3lares, o m\u00e1s, globalmente huele a serios problemas\u00bb. Vuelvo a insistir en este comentario porque sospecho que para m\u00e1s de un lector esto puede sonar a idioma extra terrestre. No se puede pensar que un juego financiero de tan alto riesgo no repercuta en las finanzas mundiales. De all\u00ed la necesidad de tratar de entender como ciudadanos de nuestro pa\u00eds para que no nos suceda como ya se dio en 1929.<\/p>\n","protected":false},"excerpt":{"rendered":"<p>El tema de la concentraci\u00f3n econ\u00f3mica y sus repercusiones lo he expuesto en un trabajo anterior . No escapa a ninguna persona que siga esta problem\u00e1tica que es imprescindible tenerla en cuenta cuando se habla de la econom\u00eda nacional. Por ello ahora quiero abordar ahora el tema financiero. Debo decir que no soy ajeno a [&hellip;]<\/p>\n","protected":false},"author":1,"featured_media":0,"comment_status":"open","ping_status":"open","sticky":false,"template":"","format":"standard","meta":{"footnotes":""},"categories":[1],"tags":[],"class_list":["post-633","post","type-post","status-publish","format-standard","hentry","category-sin-categoria"],"_links":{"self":[{"href":"https:\/\/ricardovicentelopez.com.ar\/index.php?rest_route=\/wp\/v2\/posts\/633","targetHints":{"allow":["GET"]}}],"collection":[{"href":"https:\/\/ricardovicentelopez.com.ar\/index.php?rest_route=\/wp\/v2\/posts"}],"about":[{"href":"https:\/\/ricardovicentelopez.com.ar\/index.php?rest_route=\/wp\/v2\/types\/post"}],"author":[{"embeddable":true,"href":"https:\/\/ricardovicentelopez.com.ar\/index.php?rest_route=\/wp\/v2\/users\/1"}],"replies":[{"embeddable":true,"href":"https:\/\/ricardovicentelopez.com.ar\/index.php?rest_route=%2Fwp%2Fv2%2Fcomments&post=633"}],"version-history":[{"count":0,"href":"https:\/\/ricardovicentelopez.com.ar\/index.php?rest_route=\/wp\/v2\/posts\/633\/revisions"}],"wp:attachment":[{"href":"https:\/\/ricardovicentelopez.com.ar\/index.php?rest_route=%2Fwp%2Fv2%2Fmedia&parent=633"}],"wp:term":[{"taxonomy":"category","embeddable":true,"href":"https:\/\/ricardovicentelopez.com.ar\/index.php?rest_route=%2Fwp%2Fv2%2Fcategories&post=633"},{"taxonomy":"post_tag","embeddable":true,"href":"https:\/\/ricardovicentelopez.com.ar\/index.php?rest_route=%2Fwp%2Fv2%2Ftags&post=633"}],"curies":[{"name":"wp","href":"https:\/\/api.w.org\/{rel}","templated":true}]}}