{"id":626,"date":"2009-01-12T12:30:00","date_gmt":"2009-01-12T12:30:00","guid":{"rendered":"http:\/\/ricardovicentelopez.com.ar\/?p=626"},"modified":"2015-03-21T15:21:27","modified_gmt":"2015-03-21T15:21:27","slug":"no-perder-la-oportunidad","status":"publish","type":"post","link":"https:\/\/ricardovicentelopez.com.ar\/?p=626","title":{"rendered":"No perder la oportunidad"},"content":{"rendered":"<p>La crisis, como se ha dicho muchas veces, ofrece tambi\u00e9n un momento que contiene una oportunidad. Pero, un viejo refr\u00e1n dice: \u00abA la ocasi\u00f3n la pintan calva\u00bb, lo que significa que son escasas las veces en que se presenta. Por ello, debemos pertrecharnos con la mejor artiller\u00eda intelectual para no dejar pasar de largo un  escenario como \u00e9ste. Hay que hacer un duro esfuerzo de memoria para recordar si hemos vivido una situaci\u00f3n semejante en la que estuvieran en debate las \u201crazones fundantes\u201d del sistema capitalista en su etapa de  dominaci\u00f3n financiera. Por lo tanto debemos, en primer lugar, valorar lo positivo de este momento; en segundo lugar, prepararnos para la revisi\u00f3n de esos fundamentos; y en tercer lugar, no permitir que este debate se circunscriba a los especialistas, puesto que, como ya qued\u00f3 dicho, su mirada sesgada no garantiza ni honestidad ni independencia de criterios.<br \/>Me parece muy oportuna la cita del tercer presidente de los EEUU Thomas Jefferson (1743-1826), que Alfredo Zaiat trae a nuestra memoria: \u00abYo creo que las instituciones bancarias son m\u00e1s peligrosas para nuestras libertades que los ej\u00e9rcitos en pie. Si el pueblo estadounidense permite alguna vez que los bancos privados controlen el tema de su moneda, primero por inflaci\u00f3n, luego por deflaci\u00f3n, los bancos y las corporaciones que crecer\u00e1n alrededor de los bancos privar\u00e1n al pueblo de toda propiedad hasta que sus hijos se despierten sin hogar en el continente que sus padres conquistaron\u00bb. Este advertencia de 1802 no parece haber sido escuchada por los dirigentes pol\u00edticos posteriores. Se la puede colocar al lado de la afirmaci\u00f3n de Bertold Brech (1898-1956): \u00abPeor que asaltar un banco es fundar un banco\u00bb. Nos enfrenta a una verdad milenaria que puede encontrar uno de sus or\u00edgenes en el Antiguo Testamento, respecto de los riesgos de prestar dinero, no para el que lo hace sino para el que lo recibe, especular y lucrar con la necesidad del otro.<br \/>Ante todo esto podr\u00edamos preguntarnos, con mucha prudencia, si esto alanza para pensar que se puede derrumbar el fundamentalismo del mercado libre. Y digo prudencia porque los facilismos optimistas pueden hacernos caer en la trampa de no medir que lo que nos espera es un largo y duro sufrimiento antes de que esos deseos se vean realizados. Dice Zaiat: \u00abEl caos global generado por el modelo de la autorregulaci\u00f3n del riesgo en el sistema bancario, concepci\u00f3n a la que adhirieron casi todas las bancas centrales del mundo bajo el dominio del Comit\u00e9 de Basilea, se revel\u00f3 como un arma de destrucci\u00f3n masiva. La quiebra de las entidades financieras de las potencias econ\u00f3micas hace suponer que una nueva \u00e9poca comenzar\u00e1 con otras reglas de funcionamiento\u00bb. Sin embargo, es necesario no olvidar que los intereses financieros y el poder de la banca concentrada no desaparecer\u00e1n con tanta facilidad. <br \/>Lo que estamos observando es que los fondos p\u00fablicos han salido a socorrer a esos bancos tras la explicaci\u00f3n de que era imprescindible para evitar lo peor. Debo decir que no tengo en claro eso peor a qui\u00e9nes hace referencia: \u00bflo peor para los pobres y deudores? o \u00bflo peor para algunos banqueros? Tambi\u00e9n podemos ver que quienes est\u00e1n a cargo de la operaci\u00f3n (Paulson y Bernanke), como ya vimos, son parte del proceso que nos coloc\u00f3 al borde del abismo. Si son ellos los que deciden quien se salva y quien desaparece el resultado que se intenta es una reacomodaci\u00f3n de los dineros que quedar\u00e1n en manos de unos pocos. Todos de la misma banda. Y no es de esperar que sean ellos los que salgan a combatir la codicia, los fraudes financieros, la especulaci\u00f3n alocada y temeraria. Por ello, repito una vez m\u00e1s que la participaci\u00f3n lo m\u00e1s amplia posible de todos debe ser la valla que impida que sigan avanzando por el mismo camino. No es necesario saber mucho de esta materia, alcanza con mirar todo desde una \u00e9tica que defienda el bien com\u00fan.<\/p>\n","protected":false},"excerpt":{"rendered":"<p>La crisis, como se ha dicho muchas veces, ofrece tambi\u00e9n un momento que contiene una oportunidad. Pero, un viejo refr\u00e1n dice: \u00abA la ocasi\u00f3n la pintan calva\u00bb, lo que significa que son escasas las veces en que se presenta. Por ello, debemos pertrecharnos con la mejor artiller\u00eda intelectual para no dejar pasar de largo un [&hellip;]<\/p>\n","protected":false},"author":1,"featured_media":0,"comment_status":"open","ping_status":"open","sticky":false,"template":"","format":"standard","meta":{"footnotes":""},"categories":[1],"tags":[],"class_list":["post-626","post","type-post","status-publish","format-standard","hentry","category-sin-categoria"],"_links":{"self":[{"href":"https:\/\/ricardovicentelopez.com.ar\/index.php?rest_route=\/wp\/v2\/posts\/626","targetHints":{"allow":["GET"]}}],"collection":[{"href":"https:\/\/ricardovicentelopez.com.ar\/index.php?rest_route=\/wp\/v2\/posts"}],"about":[{"href":"https:\/\/ricardovicentelopez.com.ar\/index.php?rest_route=\/wp\/v2\/types\/post"}],"author":[{"embeddable":true,"href":"https:\/\/ricardovicentelopez.com.ar\/index.php?rest_route=\/wp\/v2\/users\/1"}],"replies":[{"embeddable":true,"href":"https:\/\/ricardovicentelopez.com.ar\/index.php?rest_route=%2Fwp%2Fv2%2Fcomments&post=626"}],"version-history":[{"count":0,"href":"https:\/\/ricardovicentelopez.com.ar\/index.php?rest_route=\/wp\/v2\/posts\/626\/revisions"}],"wp:attachment":[{"href":"https:\/\/ricardovicentelopez.com.ar\/index.php?rest_route=%2Fwp%2Fv2%2Fmedia&parent=626"}],"wp:term":[{"taxonomy":"category","embeddable":true,"href":"https:\/\/ricardovicentelopez.com.ar\/index.php?rest_route=%2Fwp%2Fv2%2Fcategories&post=626"},{"taxonomy":"post_tag","embeddable":true,"href":"https:\/\/ricardovicentelopez.com.ar\/index.php?rest_route=%2Fwp%2Fv2%2Ftags&post=626"}],"curies":[{"name":"wp","href":"https:\/\/api.w.org\/{rel}","templated":true}]}}