{"id":606,"date":"2009-03-26T14:17:00","date_gmt":"2009-03-26T14:17:00","guid":{"rendered":"http:\/\/ricardovicentelopez.com.ar\/?p=606"},"modified":"2015-03-21T15:21:26","modified_gmt":"2015-03-21T15:21:26","slug":"donde-esta-la-puerta-de-salida-ii","status":"publish","type":"post","link":"https:\/\/ricardovicentelopez.com.ar\/?p=606","title":{"rendered":"\u00bfD\u00f3nde est\u00e1 la puerta de salida? II"},"content":{"rendered":"<p>El polit\u00f3logo, profesor de la Universidad de Buenos Aires, Atilio Boron, en una reciente ponencia en un congreso internacional nos ofrece comenzar a pensar por el lado opuesto de lo que se viene diciendo y escribiendo: \u00abComencemos caracterizando a esta crisis por la negativa, diciendo lo que esta crisis no es. Esto es importante porque el bombardeo medi\u00e1tico al que est\u00e1n sometidas nuestras sociedades presenta a los economistas y otros publicistas del establishment hablando de una \u201ccrisis financiera\u201d o \u201ccrisis bancaria\u201d. Poco antes, ni siquiera eso: se dec\u00eda que est\u00e1bamos en presencia de una crisis de las hipotecas \u201csub-prime\u201d. Se pretende, de este modo, minimizar la crisis, subestimarla, presentarla ante los ojos de la poblaci\u00f3n como un incidente relativamente menor en la marcha de los mercados y que para nada pone en cuesti\u00f3n la salud y viabilidad del capitalismo como supuesta \u201cforma natural\u201d de organizaci\u00f3n de la vida econ\u00f3mica. El paso del tiempo se encarg\u00f3 de demoler todas estas falacias\u00bb.<br \/>A diferencia  de Jeffrey Sachs, el investigador Boron tiene una mirada muy severa respecto de lo que est\u00e1 sucediendo. Y, en tono de denuncia, se\u00f1ala que circula a trav\u00e9s de los medios de informaci\u00f3n ideas que intentan ocultar la verdadera dimensi\u00f3n del problema. Puesto que si todo es, como sostiene alegremente Sachs, si bien debemos preocuparnos por lo inmediato, nos espera un mundo totalmente renovado salvo en un aspecto: EEUU saldr\u00e1 de esta situaci\u00f3n liderando el cambio hacia la nueva sociedad. Deber\u00edamos recordar, una vez m\u00e1s, la sabidur\u00eda del pr\u00edncipe de Lampeduzza: \u00abQue algo cambie para que todo quede como est\u00e1\u00bb.<br \/>El buen diagn\u00f3stico de la situaci\u00f3n actual es imprescindible para que la propuesta terap\u00e9utica sea viable y eficaz. Ocultando o distorsionando la informaci\u00f3n no se crean m\u00e1s que mundos enga\u00f1osos. Claro est\u00e1, esa es la intenci\u00f3n de los que medran con las situaciones de crisis. Cuando comience a salirse de lo m\u00e1s profundo y podamos ver cu\u00e1les son las empresas que quedaron paradas y en qu\u00e9 estado est\u00e1n sabremos qui\u00e9nes son los ganadores de la crisis, los perdedores, adem\u00e1s de la inmensa mayor\u00eda de los habitantes del planeta, tambi\u00e9n son algunos ricos que han sufrido la desgracia de haber quedado fuera de los mil m\u00e1s ricos del mundo de la revista Forbes.<br \/>El buen diagn\u00f3stico es el que intenta Boron: \u00abLa crisis se torna visible, inocultable, por el estallido de la burbuja creada en torno a las hipotecas \u201csub-prime\u201d y luego se transmite, r\u00e1pidamente, a los bancos e instituciones financieras de Wall Street, y finalmente se extiende a todos los sectores y a la econom\u00eda mundial. Pero la burbuja, y su estallido, es el s\u00edntoma; es como la fiebre que denuncia la presencia de una peligrosa infecci\u00f3n. No es tanto la enfermedad (aunque  podr\u00eda argumentarse que la tendencia permanente en el capitalismo a formar burbujas especulativas tambi\u00e9n es un signo de insalubridad) como su manifestaci\u00f3n externa, la que por momentos adquiere contornos rid\u00edculos o aberrantes\u00bb. Este empe\u00f1o en no confundir los s\u00edntomas con las causas m\u00e1s profundas de la situaci\u00f3n de hoy es una condici\u00f3n insoslayable para no dejarnos arrastrar por la opini\u00f3n de los opin\u00f3logos (especialistas en todas las disciplinas) que pululan por los medios de comunicaci\u00f3n que intentan manipular los \u00e1nimos de la opini\u00f3n p\u00fablica.<br \/>La peligrosa infecci\u00f3n no es nueva, es parte del modo aberrante que adquiri\u00f3 el sistema capitalista a de fines del siglo XIX, a lo largo del XX y lo que va del XXI. Atribuir las consecuencias a un factor de la econom\u00eda y ocultar los otros es un m\u00e9todo que posibilita no hablar de lo fundamental del sistema. Eso es precisamente lo que se intenta, que los ejes del verdadero debate necesario de hoy no aparezcan.<\/p>\n","protected":false},"excerpt":{"rendered":"<p>El polit\u00f3logo, profesor de la Universidad de Buenos Aires, Atilio Boron, en una reciente ponencia en un congreso internacional nos ofrece comenzar a pensar por el lado opuesto de lo que se viene diciendo y escribiendo: \u00abComencemos caracterizando a esta crisis por la negativa, diciendo lo que esta crisis no es. Esto es importante porque [&hellip;]<\/p>\n","protected":false},"author":1,"featured_media":0,"comment_status":"open","ping_status":"open","sticky":false,"template":"","format":"standard","meta":{"footnotes":""},"categories":[1],"tags":[],"class_list":["post-606","post","type-post","status-publish","format-standard","hentry","category-sin-categoria"],"_links":{"self":[{"href":"https:\/\/ricardovicentelopez.com.ar\/index.php?rest_route=\/wp\/v2\/posts\/606","targetHints":{"allow":["GET"]}}],"collection":[{"href":"https:\/\/ricardovicentelopez.com.ar\/index.php?rest_route=\/wp\/v2\/posts"}],"about":[{"href":"https:\/\/ricardovicentelopez.com.ar\/index.php?rest_route=\/wp\/v2\/types\/post"}],"author":[{"embeddable":true,"href":"https:\/\/ricardovicentelopez.com.ar\/index.php?rest_route=\/wp\/v2\/users\/1"}],"replies":[{"embeddable":true,"href":"https:\/\/ricardovicentelopez.com.ar\/index.php?rest_route=%2Fwp%2Fv2%2Fcomments&post=606"}],"version-history":[{"count":0,"href":"https:\/\/ricardovicentelopez.com.ar\/index.php?rest_route=\/wp\/v2\/posts\/606\/revisions"}],"wp:attachment":[{"href":"https:\/\/ricardovicentelopez.com.ar\/index.php?rest_route=%2Fwp%2Fv2%2Fmedia&parent=606"}],"wp:term":[{"taxonomy":"category","embeddable":true,"href":"https:\/\/ricardovicentelopez.com.ar\/index.php?rest_route=%2Fwp%2Fv2%2Fcategories&post=606"},{"taxonomy":"post_tag","embeddable":true,"href":"https:\/\/ricardovicentelopez.com.ar\/index.php?rest_route=%2Fwp%2Fv2%2Ftags&post=606"}],"curies":[{"name":"wp","href":"https:\/\/api.w.org\/{rel}","templated":true}]}}