{"id":602,"date":"2009-04-11T12:10:00","date_gmt":"2009-04-11T12:10:00","guid":{"rendered":"http:\/\/ricardovicentelopez.com.ar\/?p=602"},"modified":"2015-03-21T15:21:25","modified_gmt":"2015-03-21T15:21:25","slug":"donde-esta-la-puerta-de-salida-vi","status":"publish","type":"post","link":"https:\/\/ricardovicentelopez.com.ar\/?p=602","title":{"rendered":"\u00bfD\u00f3nde est\u00e1 la puerta de salida? VI"},"content":{"rendered":"<p>Despu\u00e9s de estos an\u00e1lisis, de la cantidad de informaci\u00f3n que hemos le\u00eddo, de las reflexiones necesarias que se desprende de todo ello aparece una pregunta: \u00bfcabe tener esperanza de salir relativamente pronto de esta crisis? Boron no es muy optimista: \u00abLos antecedentes hist\u00f3ricos avalan ese pesimismo: en 1929 la desocupaci\u00f3n en EEUU lleg\u00f3 al 25 %, al paso que ca\u00edan los precios agr\u00edcolas y de las materias primas. Pero 10 a\u00f1os despu\u00e9s, y pese a las radicales pol\u00edticas puestas en marcha por Franklin D. Roosevelt (1882-1945) (el New Deal), la desocupaci\u00f3n segu\u00eda siendo muy elevada (17 %) y la econom\u00eda no lograba salir de la depresi\u00f3n. S\u00f3lo la Segunda Guerra Mundial puso fin a esa etapa. Y ahora, \u00bfpor qu\u00e9 habr\u00eda de ser m\u00e1s breve?\u00bb. Dice algo que por lo general los investigadores, los analistas, los economistas, los historiadores ocultan, no conocen, no se atreven a decirlo, etc.: \u00abS\u00f3lo la Segunda Guerra Mundial puso fin a esa etapa\u00bb.<br \/>La campa\u00f1a de 1936, en la que buscaba su reelecci\u00f3n para un nuevo per\u00edodo, hab\u00eda asegurado que ante los preparativos para una segunda guerra que se ve\u00edan en Europa (nazismo y fascismo) se compromet\u00eda a no participar de ella porque ya \u00abse hab\u00eda derramado demasiada sangre joven norteamericana en aquellas tierras\u00bb. El Congreso aprob\u00f3 la neutralidad a trav\u00e9s de una serie de leyes que imped\u00edan la participaci\u00f3n de los EEUU en esa guerra. Los Servicios de Inteligencia detectaron los planes japoneses para atacar a su pa\u00eds. Roosevelt mantuvo guardada esa informaci\u00f3n y permiti\u00f3 que se produjera el ataque a Pearl Harbor en 1941. Esta fue la excusa que necesitaba para participar de esa guerra. Dadas estas circunstancias se puso toda la maquinaria industrial en marcha lo que permiti\u00f3 que EEUU saliera fortalecido de la guerra y haber superado la crisis de 1929. Esto viene a cuento porque circula con bastante liviandad que s\u00f3lo las medidas propuestas por Lord John M. Keynes (1883-1946) fueron las que sacaron a los EEUU de la crisis, omitiendo la importancia que la econom\u00eda de guerra jug\u00f3 en esa \u00e9poca.<br \/>Por otra parte dice Boron: \u00abLa depresi\u00f3n de 1873-1896, dur\u00f3 \u00a123 a\u00f1os! Los factores que la precipitaron fue el colapso de la Bolsa de Valores de Viena, producido tambi\u00e9n por una burbuja especulativa ligada al precio de la tierra en Par\u00eds y las grandes construcciones que comenzaron en esa ciudad luego de la derrota francesa en la guerra Franco-Prusiana. Las reparaciones de guerra exigidas a los franceses y los grandes pagos que deb\u00edan efectuar a favor de Alemania contribuyeron a crear las condiciones de la crisis, as\u00ed como la especulaci\u00f3n de tierras que se inici\u00f3 en Estados Unidos una vez finalizada la Guerra Civil relacionada con la construcci\u00f3n de grandes emprendimientos ferroviarios que origin\u00f3 otra burbuja que estall\u00f3 en 1873\u00bb. Con estos antecedentes: \u00abSe abre por lo tanto un largo per\u00edodo de tironeos y negociaciones para definir de qu\u00e9 forma se saldr\u00e1 de la crisis, quienes ser\u00e1n los beneficiados y quienes deber\u00e1n pagar sus costos. Conviene recordar que en 1929, el armado de Bretton Woods, el dise\u00f1o de la arquitectura econ\u00f3mica y financiera internacional que result\u00f3 fundamental para la recuperaci\u00f3n de la posguerra, llev\u00f3 casi un a\u00f1o de arduas negociaciones, que culminaron con la Conferencia que tuvo lugar en esa ciudad de New Hampshire entre el 1 y el 22 de Julio de 1944\u00bb. Nada menos que quince a\u00f1os despu\u00e9s, claro que estuvo la guerra de por medio.<br \/>Termina diciendo: \u00ab\u00bfEs razonable esperar un desenlace similar a la crisis actual? Cualquier pron\u00f3stico en una situaci\u00f3n tan vol\u00e1til como \u00e9sta es sumamente arriesgado, pero de partida nom\u00e1s hay que tener en cuenta que existen varias significativas diferencias entre los respectivos contextos globales de la crisis. <br \/>Adem\u00e1s, la opini\u00f3n y el pron\u00f3stico de alguien de tan irreprochables credenciales conservadoras como Zbigniev Brzezinski, dijo hace poco: \u00abEstoy preocupado porque vamos a tener millones y millones de desocupados, mucha gente pas\u00e1ndola realmente muy mal. Y esa situaci\u00f3n estar\u00e1 presente por un tiempo antes de que las cosas eventualmente mejoren. Al mismo tiempo hay una conciencia p\u00fablica de la riqueza extraordinaria que se transfiri\u00f3 a los bolsillos de unos pocos individuos, en niveles sin precedentes hist\u00f3ricos en Estados Unidos. Y yo me pregunto: \u00bfqu\u00e9 puede pasar en esta sociedad cuando toda esa gente se quede sin trabajo, con sus familias da\u00f1adas, cuando pierdan sus casas?\u2026\u00bb.<\/p>\n","protected":false},"excerpt":{"rendered":"<p>Despu\u00e9s de estos an\u00e1lisis, de la cantidad de informaci\u00f3n que hemos le\u00eddo, de las reflexiones necesarias que se desprende de todo ello aparece una pregunta: \u00bfcabe tener esperanza de salir relativamente pronto de esta crisis? Boron no es muy optimista: \u00abLos antecedentes hist\u00f3ricos avalan ese pesimismo: en 1929 la desocupaci\u00f3n en EEUU lleg\u00f3 al 25 [&hellip;]<\/p>\n","protected":false},"author":1,"featured_media":0,"comment_status":"open","ping_status":"open","sticky":false,"template":"","format":"standard","meta":{"footnotes":""},"categories":[1],"tags":[],"class_list":["post-602","post","type-post","status-publish","format-standard","hentry","category-sin-categoria"],"_links":{"self":[{"href":"https:\/\/ricardovicentelopez.com.ar\/index.php?rest_route=\/wp\/v2\/posts\/602","targetHints":{"allow":["GET"]}}],"collection":[{"href":"https:\/\/ricardovicentelopez.com.ar\/index.php?rest_route=\/wp\/v2\/posts"}],"about":[{"href":"https:\/\/ricardovicentelopez.com.ar\/index.php?rest_route=\/wp\/v2\/types\/post"}],"author":[{"embeddable":true,"href":"https:\/\/ricardovicentelopez.com.ar\/index.php?rest_route=\/wp\/v2\/users\/1"}],"replies":[{"embeddable":true,"href":"https:\/\/ricardovicentelopez.com.ar\/index.php?rest_route=%2Fwp%2Fv2%2Fcomments&post=602"}],"version-history":[{"count":0,"href":"https:\/\/ricardovicentelopez.com.ar\/index.php?rest_route=\/wp\/v2\/posts\/602\/revisions"}],"wp:attachment":[{"href":"https:\/\/ricardovicentelopez.com.ar\/index.php?rest_route=%2Fwp%2Fv2%2Fmedia&parent=602"}],"wp:term":[{"taxonomy":"category","embeddable":true,"href":"https:\/\/ricardovicentelopez.com.ar\/index.php?rest_route=%2Fwp%2Fv2%2Fcategories&post=602"},{"taxonomy":"post_tag","embeddable":true,"href":"https:\/\/ricardovicentelopez.com.ar\/index.php?rest_route=%2Fwp%2Fv2%2Ftags&post=602"}],"curies":[{"name":"wp","href":"https:\/\/api.w.org\/{rel}","templated":true}]}}